{"id":1767,"date":"2022-05-01T18:39:20","date_gmt":"2022-05-01T18:39:20","guid":{"rendered":"https:\/\/feelfolu.ro\/?p=1767"},"modified":"2022-10-31T18:39:35","modified_gmt":"2022-10-31T18:39:35","slug":"pro-feelfolu-a-kornyezetert-2022-ben-is","status":"publish","type":"post","link":"https:\/\/feelfolu.ro\/index.php\/2022\/05\/01\/pro-feelfolu-a-kornyezetert-2022-ben-is\/","title":{"rendered":"Pro Feelfolu a k\u00f6rnyezet\u00e9rt 2022-ben is"},"content":{"rendered":"\n<p>A F\u00f6ld napja alkalm\u00e1b\u00f3l \u00e1prilis 22-n k\u00fcl\u00f6nf\u00e9le esem\u00e9nyeket rendeznek vil\u00e1gszerte, melyekkel felh\u00edvj\u00e1k a figyelmet a F\u00f6ld term\u00e9szeti k\u00f6rnyezet\u00e9nek meg\u00f3v\u00e1s\u00e1ra.<\/p>\n\n\n\n<p><br>A F\u00f6ld napja mozgalom egyik jelmondata: \u201eKi mondta, hogy nem tudod megv\u00e1ltoztatni a vil\u00e1got?\u201d. A Pro Feelfolu Egyes\u00fclet ennek szellem\u00e9ben kezdem\u00e9nyezte az \u00e1prilis 30-\u00e1n lezajlott k\u00f6ztisztas\u00e1gi akci\u00f3t a felfalusi erd\u0151ben, amelyhez a Marosfelfalusi \u00c1ltal\u00e1nos Iskola is csatlakozott.<\/p>\n\n\n\n<p><br>Az egyes\u00fclet tagjai mellett, tan\u00e1rok, tan\u00edt\u00f3k, \u00f3von\u0151k, di\u00e1kok \u00e9s sz\u00fcl\u0151k kitakar\u00edtott\u00e1k a felfalusi Kereszterd\u0151 sz\u00e9l\u00e9t mintegy 2 km-en, nagyj\u00e1b\u00f3l 4 ha ter\u00fcletet, ahonnan 40 zs\u00e1k szem\u00e9t gy\u0171lt \u00f6ssze.<\/p>\n\n\n\n<p><br>Ez az akci\u00f3 volt a m\u00e1sodik ehhez hasonl\u00f3 a felfalusiak k\u00f6rnyezettudatoss\u00e1g\u00e1nak meger\u0151s\u00edt\u00e9s\u00e9ben. A m\u00falt \u00e9vhez k\u00e9pest, k\u00f6sz\u00f6nhet\u0151en a Marosfelfalusi \u00c1ltal\u00e1nos Iskola csatlakoz\u00e1s\u00e1nak is j\u00f3val t\u00f6bben voltak jelen p\u00e9ld\u00e1t mutatni. Figyelembe v\u00e9ve a falu ter\u00fcleteinek nagys\u00e1g\u00e1t \u00e9s szem\u00e9ttel val\u00f3 telitetts\u00e9g\u00e9t ez val\u00f3ban \u00fajra csak egy par\u00e1nyi r\u00e9szt jelent, azonban felh\u00edv\u00e1sunkra Marosfelfalu polg\u00e1rai r\u00e9sz\u00e9r\u0151l csupa poz\u00edtiv visszajelz\u00e9st kaptunk, \u00e9s rem\u00e9nyeink szerint tov\u00e1bbi hasonl\u00f3 akci\u00f3kat fogunk szervezni, amelyekre rem\u00e9lj\u00fck, hogy egyre t\u00f6bben csatlakoznak majd.<\/p>\n","protected":false},"excerpt":{"rendered":"<p>A F\u00f6ld napja alkalm\u00e1b\u00f3l \u00e1prilis 22-n k\u00fcl\u00f6nf\u00e9le esem\u00e9nyeket rendeznek vil\u00e1gszerte, melyekkel felh\u00edvj\u00e1k a figyelmet a F\u00f6ld term\u00e9szeti k\u00f6rnyezet\u00e9nek meg\u00f3v\u00e1s\u00e1ra. A F\u00f6ld napja mozgalom egyik jelmondata: \u201eKi mondta, hogy nem tudod megv\u00e1ltoztatni a vil\u00e1got?\u201d. A Pro Feelfolu Egyes\u00fclet ennek szellem\u00e9ben kezdem\u00e9nyezte az \u00e1prilis 30-\u00e1n lezajlott k\u00f6ztisztas\u00e1gi akci\u00f3t a felfalusi erd\u0151ben, amelyhez a Marosfelfalusi \u00c1ltal\u00e1nos Iskola is [&hellip;]<\/p>\n","protected":false},"author":1,"featured_media":1768,"comment_status":"open","ping_status":"open","sticky":false,"template":"","format":"standard","meta":{"footnotes":""},"categories":[1],"tags":[],"class_list":["post-1767","post","type-post","status-publish","format-standard","has-post-thumbnail","hentry","category-pro-feelfolu"],"_links":{"self":[{"href":"https:\/\/feelfolu.ro\/index.php\/wp-json\/wp\/v2\/posts\/1767","targetHints":{"allow":["GET"]}}],"collection":[{"href":"https:\/\/feelfolu.ro\/index.php\/wp-json\/wp\/v2\/posts"}],"about":[{"href":"https:\/\/feelfolu.ro\/index.php\/wp-json\/wp\/v2\/types\/post"}],"author":[{"embeddable":true,"href":"https:\/\/feelfolu.ro\/index.php\/wp-json\/wp\/v2\/users\/1"}],"replies":[{"embeddable":true,"href":"https:\/\/feelfolu.ro\/index.php\/wp-json\/wp\/v2\/comments?post=1767"}],"version-history":[{"count":1,"href":"https:\/\/feelfolu.ro\/index.php\/wp-json\/wp\/v2\/posts\/1767\/revisions"}],"predecessor-version":[{"id":1769,"href":"https:\/\/feelfolu.ro\/index.php\/wp-json\/wp\/v2\/posts\/1767\/revisions\/1769"}],"wp:featuredmedia":[{"embeddable":true,"href":"https:\/\/feelfolu.ro\/index.php\/wp-json\/wp\/v2\/media\/1768"}],"wp:attachment":[{"href":"https:\/\/feelfolu.ro\/index.php\/wp-json\/wp\/v2\/media?parent=1767"}],"wp:term":[{"taxonomy":"category","embeddable":true,"href":"https:\/\/feelfolu.ro\/index.php\/wp-json\/wp\/v2\/categories?post=1767"},{"taxonomy":"post_tag","embeddable":true,"href":"https:\/\/feelfolu.ro\/index.php\/wp-json\/wp\/v2\/tags?post=1767"}],"curies":[{"name":"wp","href":"https:\/\/api.w.org\/{rel}","templated":true}]}}