{"id":1761,"date":"2022-06-04T18:35:55","date_gmt":"2022-06-04T18:35:55","guid":{"rendered":"https:\/\/feelfolu.ro\/?p=1761"},"modified":"2022-10-31T18:36:33","modified_gmt":"2022-10-31T18:36:33","slug":"osszetartozasunk-tuze-2022","status":"publish","type":"post","link":"https:\/\/feelfolu.ro\/index.php\/2022\/06\/04\/osszetartozasunk-tuze-2022\/","title":{"rendered":"\u00d6sszetartoz\u00e1sunk T\u00fcze &#8211; 2022"},"content":{"rendered":"\n<p>Az elm\u00falt \u00e9vekhez hasonl\u00f3an 2022-ben is fell\u00e1ngolt Felfaluban az \u00d6sszetartoz\u00e1sunk T\u00fcze.<br>A rendezv\u00e9ny id\u00e9n m\u00e1jus 28-\u00e1n lett megtartva, nem pedig j\u00fanius 4-\u00e9n, a nemzeti \u00f6sszetartoz\u00e1s napj\u00e1n, objekt\u00edv okok miatt.<\/p>\n\n\n\n<p><br>2020-ban 15-en, 2021-ben 30-an, id\u00e9n pedig m\u00e1r t\u00f6bb, mint 60-an eml\u00e9kezt\u00fcnk a nemzeti \u00f6sszetartoz\u00e1st jelk\u00e9pez\u0151 t\u0171z mellett.<\/p>\n\n\n\n<p><br>Id\u00e9n is a m\u00falt \u00e9vi helysz\u00ednen szerett\u00fck volna megszervezni az esem\u00e9nyt, a felfalusi tavak mellett, ahol a hangulat kedv\u00e9\u00e9rt a sz\u00e1szr\u00e9geni Tit\u00e1n zenekar is j\u00e1tszott volna n\u00e9h\u00e1ny dalt, viszont akad\u00e1-lyokba \u00fctk\u00f6zt\u00fcnk. Marosfelfalu Helyi Tan\u00e1csa kellett d\u00f6nts\u00f6n, hogy megszervezhet\u0151-e k\u00f6zter\u00fcleten ez a rendezv\u00e9ny, \u00e9s, sajnos, a PNL helyi tan\u00e1csosainak k\u00f6sz\u00f6nhet\u0151en, annak ellen\u00e9re, hogy a t\u00f6bbi tan\u00e1csos t\u00e1mogatta, a Helyi Tan\u00e1cs megakad\u00e1lyozta az esem\u00e9ny k\u00f6zter\u00fcleten val\u00f3 megszervez\u00e9s\u00e9t.<\/p>\n\n\n\n<p><br>A PNL tan\u00e1csosainak ezen magyarellenes megnyilv\u00e1nul\u00e1sa ellen\u00e9re egy b\u00e9k\u00e9s, j\u00f3 hangulat\u00fa esem\u00e9nynek lehetett szemtan\u00faja az a 60 szem\u00e9ly, aki a mostoha id\u0151j\u00e1r\u00e1s \u00e9s a helysz\u00ednv\u00e1ltoz\u00e1s ellen\u00e9re is \u00fagy d\u00f6nt\u00f6tt, hogy k\u00f6rbe\u00e1llja az \u00d6sszetartoz\u00e1sunk T\u00fcz\u00e9t.<\/p>\n","protected":false},"excerpt":{"rendered":"<p>Az elm\u00falt \u00e9vekhez hasonl\u00f3an 2022-ben is fell\u00e1ngolt Felfaluban az \u00d6sszetartoz\u00e1sunk T\u00fcze.A rendezv\u00e9ny id\u00e9n m\u00e1jus 28-\u00e1n lett megtartva, nem pedig j\u00fanius 4-\u00e9n, a nemzeti \u00f6sszetartoz\u00e1s napj\u00e1n, objekt\u00edv okok miatt. 2020-ban 15-en, 2021-ben 30-an, id\u00e9n pedig m\u00e1r t\u00f6bb, mint 60-an eml\u00e9kezt\u00fcnk a nemzeti \u00f6sszetartoz\u00e1st jelk\u00e9pez\u0151 t\u0171z mellett. Id\u00e9n is a m\u00falt \u00e9vi helysz\u00ednen szerett\u00fck volna megszervezni az [&hellip;]<\/p>\n","protected":false},"author":1,"featured_media":1762,"comment_status":"open","ping_status":"open","sticky":false,"template":"","format":"standard","meta":{"footnotes":""},"categories":[1],"tags":[],"class_list":["post-1761","post","type-post","status-publish","format-standard","has-post-thumbnail","hentry","category-pro-feelfolu"],"_links":{"self":[{"href":"https:\/\/feelfolu.ro\/index.php\/wp-json\/wp\/v2\/posts\/1761","targetHints":{"allow":["GET"]}}],"collection":[{"href":"https:\/\/feelfolu.ro\/index.php\/wp-json\/wp\/v2\/posts"}],"about":[{"href":"https:\/\/feelfolu.ro\/index.php\/wp-json\/wp\/v2\/types\/post"}],"author":[{"embeddable":true,"href":"https:\/\/feelfolu.ro\/index.php\/wp-json\/wp\/v2\/users\/1"}],"replies":[{"embeddable":true,"href":"https:\/\/feelfolu.ro\/index.php\/wp-json\/wp\/v2\/comments?post=1761"}],"version-history":[{"count":1,"href":"https:\/\/feelfolu.ro\/index.php\/wp-json\/wp\/v2\/posts\/1761\/revisions"}],"predecessor-version":[{"id":1763,"href":"https:\/\/feelfolu.ro\/index.php\/wp-json\/wp\/v2\/posts\/1761\/revisions\/1763"}],"wp:featuredmedia":[{"embeddable":true,"href":"https:\/\/feelfolu.ro\/index.php\/wp-json\/wp\/v2\/media\/1762"}],"wp:attachment":[{"href":"https:\/\/feelfolu.ro\/index.php\/wp-json\/wp\/v2\/media?parent=1761"}],"wp:term":[{"taxonomy":"category","embeddable":true,"href":"https:\/\/feelfolu.ro\/index.php\/wp-json\/wp\/v2\/categories?post=1761"},{"taxonomy":"post_tag","embeddable":true,"href":"https:\/\/feelfolu.ro\/index.php\/wp-json\/wp\/v2\/tags?post=1761"}],"curies":[{"name":"wp","href":"https:\/\/api.w.org\/{rel}","templated":true}]}}