{"id":1758,"date":"2021-11-02T18:33:04","date_gmt":"2021-11-02T18:33:04","guid":{"rendered":"https:\/\/feelfolu.ro\/?p=1758"},"modified":"2022-10-31T18:33:43","modified_gmt":"2022-10-31T18:33:43","slug":"szabolcska-mihaly-emlekunnepseg","status":"publish","type":"post","link":"https:\/\/feelfolu.ro\/index.php\/2021\/11\/02\/szabolcska-mihaly-emlekunnepseg\/","title":{"rendered":"Szabolcska Mih\u00e1ly eml\u00e9k\u00fcnneps\u00e9g"},"content":{"rendered":"\n<p>A Marosfelfalusi Reform\u00e1tus Egyh\u00e1zk\u00f6zs\u00e9g, a Pro Feelfolu Egyes\u00fclettel \u00e9s a B\u00edborka N\u00e9pt\u00e1ncegy\u00fcttessel k\u00f6z\u00f6sen Szabolcska Mih\u00e1ly eml\u00e9k\u00fcnnep-s\u00e9get szervezett a pap-k\u00f6lt\u0151 sz\u00fclet\u00e9s\u00e9nek 160. \u00e9vfordul\u00f3j\u00e1n.<br>Az eml\u00e9k\u00fcnneps\u00e9gre a reform\u00e1tus par\u00f3kia udvar\u00e1n tal\u00e1lhat\u00f3 Szabolcska Mih\u00e1ly mellszoborn\u00e1l ker\u00fclt sor k\u00f6zel 50 r\u00e9sztvev\u0151vel okt\u00f3ber 3-\u00e1n, vas\u00e1rnap.<\/p>\n\n\n\n<p><br>A jelenl\u00e9v\u0151ket Dobos Lor\u00e1nd lelkip\u00e1sztor k\u00f6sz\u00f6nt\u00f6tte, \u00e9s megk\u00f6sz\u00f6nte a n\u0151sz\u00f6vets\u00e9gnek a szobor k\u00f6r\u00fcli ter\u00fclet kitakar\u00edt\u00e1s\u00e1t \u00e9s vir\u00e1gokkal val\u00f3 be\u00fcltet\u00e9s\u00e9t, amely erre az \u00fcnneps\u00e9gre is kellemes k\u00f6rnyezetet ny\u00fajtott. Ezut\u00e1n a Marosfelfalusi Reform\u00e1tus Egyh\u00e1zk\u00f6zs\u00e9gben a kezdetekt\u0151l napjainkig szolg\u00e1l\u00f3 26 lelk\u00e9szr\u0151l besz\u00e9lt, kiemelve Szabolcska Mih\u00e1ly szolg\u00e1lat\u00e1t, aki a 18. volt a sorban. V\u00e9g\u00fcl b\u00edztatta a felfalusiakat, hogy minden h\u00e1zban legyen legal\u00e1bb egy Szabolcska Mih\u00e1ly k\u00f6tet, a pap-k\u00f6lt\u0151 ir\u00e1nti tisztelet jel\u00e9\u00fcl.<\/p>\n\n\n\n<p><br>R\u00e1cz Istv\u00e1n, a Pro Feelfolu Egyes\u00fclet eln\u00f6ke di\u00f3h\u00e9jban besz\u00e9lt Szabolcska Mih\u00e1ly \u00e9let\u00e9r\u0151l \u00e9s p\u00e1lyafut\u00e1s\u00e1r\u00f3l, \u00fagy lelk\u00e9szi, mint k\u00f6lt\u0151i munk\u00e1ss\u00e1g\u00e1r\u00f3l.<\/p>\n\n\n\n<p><br>Ezt k\u00f6vet\u0151en a Marosfelfalusi Gimn\u00e1zium k\u00e9t di\u00e1kja, Simon N\u00e1t\u00e1niel \u00e9s Zaharia Alexandra, szavalt el egy-egy Szabolcska k\u00f6ltem\u00e9nyt Sz\u0151cs Magdolna tan\u00edt\u00f3n\u0151 felk\u00e9sz\u00edt\u00e9s\u00e9ben.<\/p>\n\n\n\n<p><br>V\u00e9g\u00fcl Szabolcska Mih\u00e1ly mellszobr\u00e1nak koszor\u00faz\u00e1s\u00e1ra ker\u00fclt sor. A Marosfelfalusi Reform\u00e1tus Egyh\u00e1rk\u00f6zs\u00e9g r\u00e9sz\u00e9r\u0151l Dobos Lor\u00e1nd lelkip\u00e1sztor kosor\u00fazott, a Pro Feelfolu Egyes\u00fclet r\u00e9sz\u00e9r\u0151l Kov\u00e1cs J\u00e1nos, a B\u00edborka N\u00e9pt\u00e1nc-egy\u00fcttes r\u00e9sz\u00e9r\u0151l pedia a k\u00f6z\u00e9ps\u0151 csoport.<\/p>\n","protected":false},"excerpt":{"rendered":"<p>A Marosfelfalusi Reform\u00e1tus Egyh\u00e1zk\u00f6zs\u00e9g, a Pro Feelfolu Egyes\u00fclettel \u00e9s a B\u00edborka N\u00e9pt\u00e1ncegy\u00fcttessel k\u00f6z\u00f6sen Szabolcska Mih\u00e1ly eml\u00e9k\u00fcnnep-s\u00e9get szervezett a pap-k\u00f6lt\u0151 sz\u00fclet\u00e9s\u00e9nek 160. \u00e9vfordul\u00f3j\u00e1n.Az eml\u00e9k\u00fcnneps\u00e9gre a reform\u00e1tus par\u00f3kia udvar\u00e1n tal\u00e1lhat\u00f3 Szabolcska Mih\u00e1ly mellszoborn\u00e1l ker\u00fclt sor k\u00f6zel 50 r\u00e9sztvev\u0151vel okt\u00f3ber 3-\u00e1n, vas\u00e1rnap. A jelenl\u00e9v\u0151ket Dobos Lor\u00e1nd lelkip\u00e1sztor k\u00f6sz\u00f6nt\u00f6tte, \u00e9s megk\u00f6sz\u00f6nte a n\u0151sz\u00f6vets\u00e9gnek a szobor k\u00f6r\u00fcli ter\u00fclet kitakar\u00edt\u00e1s\u00e1t \u00e9s [&hellip;]<\/p>\n","protected":false},"author":1,"featured_media":1759,"comment_status":"open","ping_status":"open","sticky":false,"template":"","format":"standard","meta":{"footnotes":""},"categories":[1],"tags":[],"class_list":["post-1758","post","type-post","status-publish","format-standard","has-post-thumbnail","hentry","category-pro-feelfolu"],"_links":{"self":[{"href":"https:\/\/feelfolu.ro\/index.php\/wp-json\/wp\/v2\/posts\/1758","targetHints":{"allow":["GET"]}}],"collection":[{"href":"https:\/\/feelfolu.ro\/index.php\/wp-json\/wp\/v2\/posts"}],"about":[{"href":"https:\/\/feelfolu.ro\/index.php\/wp-json\/wp\/v2\/types\/post"}],"author":[{"embeddable":true,"href":"https:\/\/feelfolu.ro\/index.php\/wp-json\/wp\/v2\/users\/1"}],"replies":[{"embeddable":true,"href":"https:\/\/feelfolu.ro\/index.php\/wp-json\/wp\/v2\/comments?post=1758"}],"version-history":[{"count":1,"href":"https:\/\/feelfolu.ro\/index.php\/wp-json\/wp\/v2\/posts\/1758\/revisions"}],"predecessor-version":[{"id":1760,"href":"https:\/\/feelfolu.ro\/index.php\/wp-json\/wp\/v2\/posts\/1758\/revisions\/1760"}],"wp:featuredmedia":[{"embeddable":true,"href":"https:\/\/feelfolu.ro\/index.php\/wp-json\/wp\/v2\/media\/1759"}],"wp:attachment":[{"href":"https:\/\/feelfolu.ro\/index.php\/wp-json\/wp\/v2\/media?parent=1758"}],"wp:term":[{"taxonomy":"category","embeddable":true,"href":"https:\/\/feelfolu.ro\/index.php\/wp-json\/wp\/v2\/categories?post=1758"},{"taxonomy":"post_tag","embeddable":true,"href":"https:\/\/feelfolu.ro\/index.php\/wp-json\/wp\/v2\/tags?post=1758"}],"curies":[{"name":"wp","href":"https:\/\/api.w.org\/{rel}","templated":true}]}}