{"id":1755,"date":"2021-10-05T18:31:26","date_gmt":"2021-10-05T18:31:26","guid":{"rendered":"https:\/\/feelfolu.ro\/?p=1755"},"modified":"2022-10-31T18:31:50","modified_gmt":"2022-10-31T18:31:50","slug":"mente-fesztival","status":"publish","type":"post","link":"https:\/\/feelfolu.ro\/index.php\/2021\/10\/05\/mente-fesztival\/","title":{"rendered":"Mente Fesztiv\u00e1l"},"content":{"rendered":"\n<p>2021-ben el\u0151sz\u00f6r ker\u00fclt megrendez\u00e9sre, szeptember 3. \u00e9s 5. k\u00f6z\u00f6tt a Mente Fesztiv\u00e1l Marosfelfaluban. A fesztiv\u00e1l c\u00e9lja a helyi \u00e9s egyetemes magyar \u00e9rt\u00e9kek bemutat\u00e1sa, a magyar k\u00f6z\u00f6ss\u00e9g identit\u00e1s\u00e1nak er\u0151s\u00edt\u00e9se, a magyar ifjak azon k\u00f6tel\u00e9k\u00e9nek szil\u00e1rd\u00edt\u00e1sa, hogy a magyar k\u00f6z\u00f6ss\u00e9ghez tartoznak. Bemutatni Fels\u0151-Maros mente magyar kultur\u00e1lis \u00e9rt\u00e9keit, mit jelent magyarnak lenni \u00e9s a vil\u00e1g sz\u00e1m\u00e1ra felmutatni a helyi magyar k\u00f6z\u00f6ss\u00e9g erej\u00e9t.<\/p>\n\n\n\n<p><br>A rendezv\u00e9ny a legnagyszer\u0171bb magyar kultur\u00e1lis \u00e9rt\u00e9keket sorakoztatta fel hagyom\u00e1nyos \u00e9s interakt\u00edv form\u00e1ban. T\u00f6rt\u00e9nelmi \u00e9s kort\u00e1rs \u00e9rt\u00e9kek ker\u00fcltek bemutat\u00e1sra, m\u0171v\u00e9szek \u00e9s k\u00e9zm\u0171vesek.<\/p>\n\n\n\n<p><br>Fels\u0151-Maros mente 6, t\u00f6bbs\u00e9gben magyarlakta falvak \u00f6sszess\u00e9ge, mondhatni a Sz\u00e9kelyf\u00f6ld nyugati hat\u00e1ra. A Helikon haz\u00e1ja, gy\u00f6ny\u00f6r\u0171 n\u00e9phagyom\u00e1nyok \u00e9s m\u0171eml\u00e9kek b\u00f6lcs\u0151je, term\u00e9szeti kincsek otthona. A Fels\u0151- Maros mente t\u00e1ji elnevez\u00e9s eredetileg a Sz\u00e1szr\u00e9gen \u00e9s D\u00e9da k\u00f6z\u00f6tt fekv\u0151 hat magyar k\u00f6zs\u00e9get jel\u00f6lte, ma m\u00e1r a Marosv\u00e1s\u00e1rhely \u00e9s D\u00e9da k\u00f6z\u00f6tt, a Maros k\u00e9t partj\u00e1n, a Mez\u0151s\u00e9g perem\u00e9n, Sz\u00e9kelyf\u00f6ld nyugati hat\u00e1r\u00e1n elhelyezked\u0151 magyar lakoss\u00e1g\u00fa falvak vid\u00e9k\u00e9t h\u00edvj\u00e1k \u00edgy.<\/p>\n\n\n\n<p><br>Az el\u0151sz\u00f6r megrendezett Mente Fesztiv\u00e1l betekint\u00e9st ny\u00fajtott a magyar m\u0171v\u00e9szetbe, kult\u00far\u00e1ba, zen\u00e9be \u00e9s gasztron\u00f3mi\u00e1ba. Fels\u0151-Maros ment\u00e9t 3 napig a magyar kult\u00fara k\u00f6zpontjak\u00e9nt \u00fcnnepelt\u00fck, amely helyi, region\u00e1lis \u00e9s nemzetk\u00f6zi turist\u00e1kat is idecsalogatott. N\u00e9pszer\u0171s\u00edtett\u00fck a helyi \u00e9rt\u00e9keket, termel\u0151ket, m\u0171v\u00e9szeket, hogy szil\u00e1rd\u00edtsuk az er\u0151s Fels\u0151-Maros menti magyar tudatoss\u00e1got.<\/p>\n\n\n\n<p><br>Szeptember 3-\u00e1n, p\u00e9nteken, Marosfelfalu Kult\u00farotthon\u00e1ban a g\u00e1la megnyit\u00f3n Kozsik J\u00f3zsef sz\u00ednm\u0171v\u00e9sz el\u0151sz\u00f6r Demeter Andr\u00e1st, a Kultur\u00e1lis Miniszt\u00e9rium \u00e1llamtitk\u00e1r\u00e1t k\u00e9rte fel az \u00fcnnepi besz\u00e9dek megnyit\u00e1s\u00e1ra, aki az egy\u00fcttm\u0171k\u00f6d\u00e9s fontoss\u00e1g\u00e1t emelte ki, \u00e9s azt, hogy ez a rendezv\u00e9ny \u201ea hagyom\u00e1nyok \u00e9s a m\u0171v\u00e9szetek p\u00e1rbesz\u00e9d\u00e9nek c\u00e9lj\u00e1val l\u00e9trej\u00f6tt rendezv\u00e9nysorozat\u201d.<\/p>\n\n\n\n<p><br>Ezut\u00e1n \u00fcnnepi besz\u00e9det tartott Kolcs\u00e1r K\u00e1roly parlamenti k\u00e9pvisel\u0151, aki \u00fczent a nagyvil\u00e1gnak, hogy \u201eFels\u0151-Maros ment\u00e9n egy \u00e9lni, alkotni akar\u00f3 \u00f6sszetart\u00f3 magyar k\u00f6z\u00f6ss\u00e9g van, akivel minden esetben sz\u00e1m\u00edtani kell, \u00e9s aki nem adja fel \u00e1lmait, b\u00fcszke m\u00faltj\u00e1ra, t\u00f6rt\u00e9nelm\u00e9re, \u0151seire, aki meg\u00e9li h\u00e9tk\u00f6znapjait, megtervezi \u00e9s alak\u00edtja j\u00f6v\u0151j\u00e9t\u201d, majd dr. Balogh Attila M\u00e1rton, Magyarorsz\u00e1g Cs\u00edkszeredai F\u0151konzul\u00e1tus\u00e1nak konzulja kiemelte, hogy \u201ea magyar k\u00f6z\u00f6ss\u00e9gek identit\u00e1s\u00e1nak meg\u0151rz\u00e9s\u00e9re, meger\u0151s\u00edt\u00e9s\u00e9re kit\u0171n\u0151 alkalom ez, hiszen \u00e1ltala a r\u00e9sztvev\u0151k m\u00e9lyebben megismerhetik gy\u00f6kereiket\u201d. M\u00e1rk Endre, Sz\u00e1szr\u00e9gen polg\u00e1rmestere id\u00e9zettel nyitotta besz\u00e9d\u00e9t: \u201eEgy\u00fctt er\u0151 vagyunk, szertesz\u00e9t gy\u00f6nges\u00e9g\u201d, majd a rendezv\u00e9nyt jellemezve kijelentette, hogy \u201ebiztat\u00f3an \u00e9s felemel\u0151en fogja h\u00edrdetni vid\u00e9k\u00fcnk soksz\u00edn\u0171s\u00e9g\u00e9t, k\u00f6z\u00f6ss\u00e9g\u00fcnk kult\u00far\u00e1j\u00e1t, sokr\u00e9t\u0171 hagyom\u00e1nyainkat, \u00e9s ami legfontosabb: hit\u00fcnk \u00e9s magyars\u00e1gunk \u0151szintes\u00e9g\u00e9t\u201d.<\/p>\n\n\n\n<p>Tudor Veronka a Sz\u00e1szr\u00e9geni K\u00f6z\u00f6ss\u00e9g\u00e9rt Egyes\u00fclet eln\u00f6kek\u00e9nt k\u00f6sz\u00f6nt\u00f6tte a tisztelt k\u00f6z\u00f6ns\u00e9get, megh\u00edvottakat \u00e9s a lelkes t\u00e1mogat\u00f3kat. Besz\u00e9d\u00e9ben elmondta, hogy az\u00e9rt k\u00e9rhett\u00e9k fel sz\u00f3lni a megnyit\u00f3n, mert a szervez\u0151k tudtak arr\u00f3l, hogy \u0151 volt az, aki legkev\u00e9sb\u00e9 hitt a fesztiv\u00e1l megval\u00f3sul\u00e1s\u00e1ban. \u00c9ppen ez\u00e9rt fontosnak tartotta n\u00e9v szerint kiemelni azt a n\u00e9h\u00e1ny embert, akiknek k\u00f6sz\u00f6nhet\u0151en l\u00e9trej\u00f6tt a g\u00e1laest, \u00e9s maga a fesztiv\u00e1l. \u201eTudom, hogy nem iszunk el\u0151re a medve b\u0151r\u00e9re, de azt is tudom, hogy sz\u00e9p dolog elismerni valaki munk\u00e1j\u00e1t \u00e9s ha j\u00f3 a munka, akkor meg is lehet dics\u00e9rni.\u201d A szervez\u0151 csapat a munk\u00e1t elv\u00e9gezte, a megh\u00edvottak is megtiszteltek jelenl\u00e9t\u00fckkel \u00e9s k\u00f6sz\u00f6nt\u0151 szavaikkal. A t\u00e1mogat\u00f3k is megtett\u00e9k a maguk\u00e9t, k\u00f6sz\u00f6netet mondott \u00e9rte, \u00edgy arra k\u00e9rte a k\u00f6z\u00f6ns\u00e9get: \u201eseg\u00edtsenek abban, hogy ez a fesztiv\u00e1l maradand\u00f3 legyen, t\u00f6lts\u00fck egy\u00fctt az elk\u00f6vetkez\u0151 k\u00e9t napot is, tal\u00e1lja meg mindenki a mag\u00e1nak megfelel\u0151 programot, \u00e9rezze j\u00f3l mag\u00e1t, hogy j\u00f6v\u0151re ism\u00e9t \u00e9rdemes legyen megszervezni a Mente Fesztiv\u00e1lt.\u201d<\/p>\n\n\n\n<p><br>A fesztiv\u00e1lok fontoss\u00e1g\u00e1t emelte ki besz\u00e9d\u00e9ben Cioat\u0103 Adrian Viorel marosfelfalusi helyi tan\u00e1csos, iskolaigazgat\u00f3: \u201eEzeknek a fesztiv\u00e1loknak term\u00e9szetesen kiemelt szerep\u00fck van, k\u00fcl\u00f6nleges szerep\u00fck van az \u0151ket szervez\u0151 k\u00f6z\u00f6ss\u00e9gek j\u00f3 k\u00f6z\u00e9rzet\u00e9nek meg\u0151rz\u00e9s\u00e9ben, de k\u00fcl\u00f6n\u00f6sen az \u00e9l\u0151 hagyom\u00e1nyok, helyi szok\u00e1sok, n\u00e9pviseletek \u00e9letben tart\u00e1s\u00e1ban. A szervez\u0151k a Mente Fesztiv\u00e1lon kereszt\u00fcl szeretn\u00e9k a magyar k\u00f6z\u00f6ss\u00e9g k\u00f6r\u00e9ben \u00e1polni az autentikus kult\u00fara egy r\u00e9sz\u00e9t, egy \u00f6r\u00f6mdarabot, amely a fiatal gener\u00e1ci\u00f3 k\u00f6r\u00e9ben is megmarad.\u201d<\/p>\n\n\n\n<p><br>Kov\u00e1cs J\u00e1nos, a Mente Fesztiv\u00e1l f\u0151szervez\u0151je \u00fcnnepi besz\u00e9d\u00e9ben a fesztiv\u00e1l tal\u00e1lkoz\u00f3 jelleg\u00e9t emelte ki: \u201eAbban hiszek, hogy a k\u00f6z\u00f6ss\u00e9g fejleszt\u00e9s\u00e9nek \u00e9s \u00e9p\u00edt\u00e9s\u00e9nek legfontosabb lehet\u0151s\u00e9ge \u00e9s m\u00f3dja a tal\u00e1lkoz\u00e1s, hiszen egyed\u00fcl senki nem tud magyarul besz\u00e9lni, egyed\u00fcl senki nem tudom magyarul t\u00e1ncolni. Dob\u00f3 Istv\u00e1n szavaival \u00e9lve \u00abA falak ereje nem a k\u00f6vekben van, hanem a v\u00e9d\u0151k lelk\u00e9ben\u00bb. Most a fesztiv\u00e1l r\u00e9sztvev\u0151i, a szervez\u0151 csapat, a fell\u00e9p\u0151k \u00e9s a st\u00e1b azok a v\u00e9d\u0151k, melyek lelk\u00e9ben a falak ereje van.\u201d &#8211; z\u00e1rta a g\u00e1la megnyit\u00f3 els\u0151 r\u00e9sz\u00e9t.<\/p>\n\n\n\n<p><br>Az \u00fcnnepi besz\u00e9dek ut\u00e1n a Temesv\u00e1ri Csiky Gergely \u00c1llami Magyar Sz\u00ednh\u00e1z fantasztikus darabj\u00e1t l\u00e1thattuk, Zeppelin Gr\u00f3fn\u00e9 esete a st\u00edlb\u00fatorral, amely a jelen kor \u00f6sszevisszas\u00e1g\u00e1t t\u00fckr\u00f6zi egy modern \u00e9s interakt\u00edv feldolgoz\u00e1sban. A magas sz\u00ednvonal\u00fa m\u0171sor ut\u00e1n \u00e1ll\u00f3fogad\u00e1ssal tett\u00e9k m\u00e9g interakt\u00edvabb\u00e1 az est\u00e9t, a tal\u00e1lkoz\u00e1st a szervez\u0151k.<\/p>\n\n\n\n<p><br>A fesztiv\u00e1l m\u00e1sodik napj\u00e1t a folkl\u00f3rnak dedik\u00e1ltuk. A n\u00e9pi hagyom\u00e1nyok napj\u00e1nak gerinc\u00e9t a 14. Marosfelfalusi Gy\u00f6ngykoszor\u00fa N\u00e9pt\u00e1nctal\u00e1lkoz\u00f3 alkotta. A r\u00e9sztvev\u0151 n\u00e9pt\u00e1ncegy\u00fcttesek egy\u00fctt vonultak v\u00e9gig Marosfelfalun a maross\u00e1rpataki husz\u00e1rokkal, majd bemutatt\u00e1k t\u00e1ncaikat a szabadt\u00e9ri sz\u00ednpadon. A n\u00e9pt\u00e1ncel\u0151ad\u00e1sokat k\u00f6vette a Legbels\u0151k\u00f6r zenekar koncertje, majd a Heveder Banda koncertezett, amely fergeteges j\u00f3 hangulatot biztos\u00edtott a koncertet k\u00f6vet\u0151 t\u00e1nch\u00e1zban is, \u00fagymint a vajdaszentiv\u00e1nyi zen\u00e9szek is.<\/p>\n\n\n\n<p><br>Vas\u00e1rnap reggel a fesztiv\u00e1l helysz\u00edn\u00e9n a Mente Kupa szurkol\u00f3inak a hangja t\u00f6rte meg a csendet, drukkolva a focist\u00e1knak. Mivel j\u00f3llakva lehet igaz\u00e1n fesztiv\u00e1lozni, guly\u00e1sf\u0151z\u0151 verseny is helyet kapott a Mente Fesztiv\u00e1lon, amelyet, t\u00f6bbek k\u00f6zt, Birtalan Istv\u00e1n, megyei tan\u00e1csos is zs\u0171rizett. Fels\u0151-Maros mente lelkip\u00e1sztorai \u00e1ltal tartott \u00e1ld\u00e1st a Band&#8217;Ora zenekar koncertje k\u00f6vette, majd a DreamFlow, Tit\u00e1n \u00e9s \u00d6r\u00f6ks\u00e9g zenekarok tett\u00e9k feledhetetlenn\u00e9 a 2021-es Mente Fesztiv\u00e1lt. Z\u00e1r\u00f3akkordk\u00e9nt egy csod\u00e1latos t\u0171zij\u00e1t\u00e9kot n\u00e9zhettek v\u00e9gig a fesztiv\u00e1loz\u00f3k, a \u201ementiek\u201d.<\/p>\n\n\n\n<p><br>\u00c1lland\u00f3 programok is csalogatt\u00e1k a l\u00e1togat\u00f3kat a Mente Fesztiv\u00e1l k\u00e9t szabadt\u00e9ri napj\u00e1ra. A Temesv\u00e1ri Losonczy Istv\u00e1n Hagyom\u00e1ny\u0151rz\u0151- \u00e9s Sportegyes\u00fclet j\u00f3volt\u00e1b\u00f3l a jelenl\u00e9v\u0151k baranta-bemutat\u00f3t, \u00edj\u00e1szatot, ostoroz\u00e1st l\u00e1thattak \u00e9s pr\u00f3b\u00e1lhattak ki, valamint megtekinthett\u00e9k az \u0151seink lak\u00e1s\u00e1ul szolg\u00e1l\u00f3 jurt\u00e1t. Szab\u00f3 R\u00e9ka Mened\u00e9k c\u00edm\u0171 install\u00e1ci\u00f3ja arra pr\u00f3b\u00e1lt b\u00e1tor\u00edtani, hogy saj\u00e1t kult\u00far\u00e1nk sz\u0171r\u0151j\u00e9n kereszt\u00fcl engedj\u00fck be a f\u00e9nyt, a k\u00fclvil\u00e1got az \u00e9let\u00fcnkbe. A fesztiv\u00e1l k\u00e9zm\u0171ves sarka gazdag felhozatalt k\u00edn\u00e1lt, ahol b\u00e1rki megtal\u00e1lhatta a sz\u00e1m\u00e1ra kedves darabot. A gyerekek sem unatkoztak, a Sz\u00e9kelyf\u00f6ldi Legend\u00e1rium t\u00e1rsasj\u00e1t\u00e9ka \u00e9s filmvet\u00edt\u00e9sei, illetve a Vil\u00e1gl\u00f3 Egyes\u00fclet mesemond\u00e1sai \u0151ket is sz\u00f3rakoztatt\u00e1k.<\/p>\n\n\n\n<p><br>K\u00f6sz\u00f6nj\u00fck t\u00e1mogat\u00f3inknak a B\u00edborka Egyes\u00fclet \u00e9s Pro Feelfolu Egyes\u00fclet nev\u00e9ben, az RMDSZ Maros megyei szervezet\u00e9nek, mint az esem\u00e9ny strat\u00e9giai partner\u00e9nek, f\u0151t\u00e1mogat\u00f3j\u00e1nak, valamint a t\u00f6bbi t\u00e1mogat\u00f3nak az esem\u00e9ny lebonyol\u00edt\u00e1s\u00e1hoz ny\u00fajtott t\u00e1mogat\u00e1st: Communitas Alap\u00edtv\u00e1ny, Balla Tanya, Sz\u00e1szr\u00e9geni K\u00f6z\u00f6ss\u00e9g\u00e9rt Egyes\u00fclet, Maros Megyei Tan\u00e1cs, Marosfelfalu \u00d6nkorm\u00e1nyzata, Halmos B\u00e9la Program, Cso\u00f3ri S\u00e1ndor Alap, Nemzeti Kultur\u00e1lis Alap, Pro Economica Alap\u00edtv\u00e1ny, Magyarorsz\u00e1g Cs\u00edkszeredai F\u0151konzul\u00e1tusa, Sz\u00e9kelyf\u00f6ldi Legend\u00e1rium, Kov\u00e1cs Trade Company, Golden Dot Europe, Losonczy Istv\u00e1n Hagyom\u00e1ny\u0151rz\u0151 \u00e9s Sportegyes\u00fclet, Vil\u00e1gl\u00f3 Egyes\u00fclet, Liliac Bor\u00e1szat, Siba, Sz\u00e9kely L\u00f3r\u00e1nd, Simon J\u00f3zsef.<\/p>\n\n\n\n<p><br>K\u00f6sz\u00f6nj\u00fck, hogy t\u00f6bb, mint 2500-an vel\u00fcnk tartottatok \u00e9s veletek egy\u00fctt egy nagyszer\u0171 rendezv\u00e9nyben volt r\u00e9sz\u00fcnk! Tal\u00e1lkozzunk j\u00f6v\u0151re Marosfelfaluban, a Mente Fesztiv\u00e1lon!<\/p>\n","protected":false},"excerpt":{"rendered":"<p>2021-ben el\u0151sz\u00f6r ker\u00fclt megrendez\u00e9sre, szeptember 3. \u00e9s 5. k\u00f6z\u00f6tt a Mente Fesztiv\u00e1l Marosfelfaluban. A fesztiv\u00e1l c\u00e9lja a helyi \u00e9s egyetemes magyar \u00e9rt\u00e9kek bemutat\u00e1sa, a magyar k\u00f6z\u00f6ss\u00e9g identit\u00e1s\u00e1nak er\u0151s\u00edt\u00e9se, a magyar ifjak azon k\u00f6tel\u00e9k\u00e9nek szil\u00e1rd\u00edt\u00e1sa, hogy a magyar k\u00f6z\u00f6ss\u00e9ghez tartoznak. Bemutatni Fels\u0151-Maros mente magyar kultur\u00e1lis \u00e9rt\u00e9keit, mit jelent magyarnak lenni \u00e9s a vil\u00e1g sz\u00e1m\u00e1ra felmutatni a [&hellip;]<\/p>\n","protected":false},"author":1,"featured_media":1756,"comment_status":"open","ping_status":"open","sticky":false,"template":"","format":"standard","meta":{"footnotes":""},"categories":[1],"tags":[],"class_list":["post-1755","post","type-post","status-publish","format-standard","has-post-thumbnail","hentry","category-pro-feelfolu"],"_links":{"self":[{"href":"https:\/\/feelfolu.ro\/index.php\/wp-json\/wp\/v2\/posts\/1755","targetHints":{"allow":["GET"]}}],"collection":[{"href":"https:\/\/feelfolu.ro\/index.php\/wp-json\/wp\/v2\/posts"}],"about":[{"href":"https:\/\/feelfolu.ro\/index.php\/wp-json\/wp\/v2\/types\/post"}],"author":[{"embeddable":true,"href":"https:\/\/feelfolu.ro\/index.php\/wp-json\/wp\/v2\/users\/1"}],"replies":[{"embeddable":true,"href":"https:\/\/feelfolu.ro\/index.php\/wp-json\/wp\/v2\/comments?post=1755"}],"version-history":[{"count":1,"href":"https:\/\/feelfolu.ro\/index.php\/wp-json\/wp\/v2\/posts\/1755\/revisions"}],"predecessor-version":[{"id":1757,"href":"https:\/\/feelfolu.ro\/index.php\/wp-json\/wp\/v2\/posts\/1755\/revisions\/1757"}],"wp:featuredmedia":[{"embeddable":true,"href":"https:\/\/feelfolu.ro\/index.php\/wp-json\/wp\/v2\/media\/1756"}],"wp:attachment":[{"href":"https:\/\/feelfolu.ro\/index.php\/wp-json\/wp\/v2\/media?parent=1755"}],"wp:term":[{"taxonomy":"category","embeddable":true,"href":"https:\/\/feelfolu.ro\/index.php\/wp-json\/wp\/v2\/categories?post=1755"},{"taxonomy":"post_tag","embeddable":true,"href":"https:\/\/feelfolu.ro\/index.php\/wp-json\/wp\/v2\/tags?post=1755"}],"curies":[{"name":"wp","href":"https:\/\/api.w.org\/{rel}","templated":true}]}}