{"id":1753,"date":"2021-06-13T18:28:06","date_gmt":"2021-06-13T18:28:06","guid":{"rendered":"https:\/\/feelfolu.ro\/?p=1753"},"modified":"2022-10-31T18:28:28","modified_gmt":"2022-10-31T18:28:28","slug":"osszetartozasunk-tuze","status":"publish","type":"post","link":"https:\/\/feelfolu.ro\/index.php\/2021\/06\/13\/osszetartozasunk-tuze\/","title":{"rendered":"\u00d6sszetartoz\u00e1sunk T\u00fcze"},"content":{"rendered":"\n<p>\u201eId\u00e9n \u00fajra meggy\u00fajtjuk! L\u00e1n-goljon fel az \u00d6sszetartoz\u00e1sunk T\u00fcze!\u201d jelmondat alatt id\u00e9n a Pro Feelfolu egyes\u00fclet 2021. j\u00fanius 4-\u00e9n \u00fajra csatlakozott az \u00d6sszetartoz\u00e1sunk T\u00fcze esem\u00e9nyhez.<\/p>\n\n\n\n<p><br>2020-ban a COVID-19 pand\u00e9mia okozta lez\u00e1r\u00e1sok miatt csak sz\u0171kebb k\u00f6rben eml\u00e9kezt\u00fcnk a Trianoni b\u00e9kedikt\u00e1tum 100. \u00e9vfordul\u00f3j\u00e1ra. T\u00falz\u00e1s n\u00e9lk\u00fcl \u00e1ll\u00edthatjuk, hogy ez volt a legnagyobb szab\u00e1s\u00fa trianoni megeml\u00e9kez\u00e9s: hat kontinens 73 orsz\u00e1g\u00e1nak 2551 telep\u00fcl\u00e9s\u00e9t\u0151l 6137 t\u00fczet v\u00e1llaltak \u00f6nkorm\u00e1nyzatok, int\u00e9zm\u00e9nyek, civil szervezetek, mag\u00e1nszem\u00e9lyek.<\/p>\n\n\n\n<p><br>2021-ben a n\u00e9hai marosfelfalusi t\u00e9glagy\u00e1r palab\u00e1ny\u00e1j\u00e1ban keletkezett tavak mellett szervezt\u00fck meg a v\u00e9g\u00fcl sikeresnek bizonyul\u00f3 esem\u00e9nyt.<\/p>\n\n\n\n<p><br>K\u00f6zel 30 szem\u00e9ly jelenl\u00e9t\u00e9ben gy\u00fajtottuk meg \u00d6sszetartoz\u00e1sunk T\u00fcz\u00e9t budapesti id\u0151 szerint 20:21 \u00f3rakor, hozz\u00e1j\u00e1rulva, hogy a hat kontinensen \u00fajra 1000-n\u00e9l t\u00f6bb t\u0171z l\u00e1ngoljon egyid\u0151ben.<\/p>\n\n\n\n<p><br>A megeml\u00e9kez\u00e9st k\u00f6vet\u0151en a Pro Feelfolu egyes\u00fclet egy finom guly\u00e1ssal vend\u00e9gelte meg az ottl\u00e9v\u0151-ket, majd a vil\u00e1gj\u00e1rv\u00e1ny miatti megszor\u00edt\u00e1sokt\u00f3l felszabadulva \u00e9jszak\u00e1ba ny\u00fal\u00f3 besz\u00e9lget\u00e9sekkel \u00e9s n\u00f3t\u00e1z\u00e1ssal er\u0151s\u00edtett\u00fck meg \u00f6sszetartoz\u00e1sunkat.<\/p>\n\n\n\n<p><br>\u00d6r\u00fcl\u00fcnk, hogy a Felfaluban m\u00e1sodik alkalommal megrendezett esem\u00e9-nyen legal\u00e1bb k\u00e9tszer annyian vettek r\u00e9szt, mint az els\u0151n, hogy a felfalusiak meg\u00e9rtik, hogy \u00f6sszetar-tozunk. Rm\u00e9lj\u00fck, hogy a j\u00f6v\u0151ben egyre t\u00f6bben csatlakoznak majd a Pro Feelfolu egyes\u00fclet k\u00f6z\u00f6ss\u00e9gi esem\u00e9nyeihez.<\/p>\n","protected":false},"excerpt":{"rendered":"<p>\u201eId\u00e9n \u00fajra meggy\u00fajtjuk! L\u00e1n-goljon fel az \u00d6sszetartoz\u00e1sunk T\u00fcze!\u201d jelmondat alatt id\u00e9n a Pro Feelfolu egyes\u00fclet 2021. j\u00fanius 4-\u00e9n \u00fajra csatlakozott az \u00d6sszetartoz\u00e1sunk T\u00fcze esem\u00e9nyhez. 2020-ban a COVID-19 pand\u00e9mia okozta lez\u00e1r\u00e1sok miatt csak sz\u0171kebb k\u00f6rben eml\u00e9kezt\u00fcnk a Trianoni b\u00e9kedikt\u00e1tum 100. \u00e9vfordul\u00f3j\u00e1ra. T\u00falz\u00e1s n\u00e9lk\u00fcl \u00e1ll\u00edthatjuk, hogy ez volt a legnagyobb szab\u00e1s\u00fa trianoni megeml\u00e9kez\u00e9s: hat kontinens 73 orsz\u00e1g\u00e1nak [&hellip;]<\/p>\n","protected":false},"author":1,"featured_media":1491,"comment_status":"open","ping_status":"open","sticky":false,"template":"","format":"standard","meta":{"footnotes":""},"categories":[1],"tags":[],"class_list":["post-1753","post","type-post","status-publish","format-standard","has-post-thumbnail","hentry","category-pro-feelfolu"],"_links":{"self":[{"href":"https:\/\/feelfolu.ro\/index.php\/wp-json\/wp\/v2\/posts\/1753","targetHints":{"allow":["GET"]}}],"collection":[{"href":"https:\/\/feelfolu.ro\/index.php\/wp-json\/wp\/v2\/posts"}],"about":[{"href":"https:\/\/feelfolu.ro\/index.php\/wp-json\/wp\/v2\/types\/post"}],"author":[{"embeddable":true,"href":"https:\/\/feelfolu.ro\/index.php\/wp-json\/wp\/v2\/users\/1"}],"replies":[{"embeddable":true,"href":"https:\/\/feelfolu.ro\/index.php\/wp-json\/wp\/v2\/comments?post=1753"}],"version-history":[{"count":1,"href":"https:\/\/feelfolu.ro\/index.php\/wp-json\/wp\/v2\/posts\/1753\/revisions"}],"predecessor-version":[{"id":1754,"href":"https:\/\/feelfolu.ro\/index.php\/wp-json\/wp\/v2\/posts\/1753\/revisions\/1754"}],"wp:featuredmedia":[{"embeddable":true,"href":"https:\/\/feelfolu.ro\/index.php\/wp-json\/wp\/v2\/media\/1491"}],"wp:attachment":[{"href":"https:\/\/feelfolu.ro\/index.php\/wp-json\/wp\/v2\/media?parent=1753"}],"wp:term":[{"taxonomy":"category","embeddable":true,"href":"https:\/\/feelfolu.ro\/index.php\/wp-json\/wp\/v2\/categories?post=1753"},{"taxonomy":"post_tag","embeddable":true,"href":"https:\/\/feelfolu.ro\/index.php\/wp-json\/wp\/v2\/tags?post=1753"}],"curies":[{"name":"wp","href":"https:\/\/api.w.org\/{rel}","templated":true}]}}