{"id":1750,"date":"2021-05-03T18:25:46","date_gmt":"2021-05-03T18:25:46","guid":{"rendered":"https:\/\/feelfolu.ro\/?p=1750"},"modified":"2022-10-31T18:26:10","modified_gmt":"2022-10-31T18:26:10","slug":"pro-feelfolu-a-kornyezetert","status":"publish","type":"post","link":"https:\/\/feelfolu.ro\/index.php\/2021\/05\/03\/pro-feelfolu-a-kornyezetert\/","title":{"rendered":"Pro Feelfolu a k\u00f6rnyezet\u00e9rt"},"content":{"rendered":"\n<p>A F\u00f6ld napja alkalm\u00e1b\u00f3l \u00e1prilis 22-n k\u00fcl\u00f6nf\u00e9le esem\u00e9nyeket rendeznek vil\u00e1gszerte, melyekkel felh\u00edvj\u00e1k a figyelmet a F\u00f6ld term\u00e9szeti k\u00f6rnyezet\u00e9nek meg\u00f3v\u00e1s\u00e1ra.<\/p>\n\n\n\n<p><br>A F\u00f6ld napja mozgalom egyik jelmondata: \u201eKi mondta, hogy nem tudod megv\u00e1ltoztatni a vil\u00e1got?\u201d. A Pro Feelfolu Egyes\u00fclet ennek szellem\u00e9ben kezdem\u00e9nyezte az \u00e1prilis 17-\u00e9n lezajlott k\u00f6ztisztas\u00e1gi akci\u00f3t a felfalusi erd\u0151ben.<\/p>\n\n\n\n<p><br>\u00d6nk\u00e9ntesek seg\u00edts\u00e9g\u00e9vel az egyes\u00fclet tagjainak siker\u00fclt kitakar\u00edtaniuk a felfalusi erd\u0151 sz\u00e9l\u00e9t mintegy 2,5 km-en, nagyj\u00e1b\u00f3l 4 ha ter\u00fcletet, ahonnan 35 zs\u00e1k szem\u00e9t gy\u0171lt \u00f6ssze.<\/p>\n\n\n\n<p><br>Ez az akci\u00f3 csak egy els\u0151 l\u00e9p\u00e9s volt a felfalusiak k\u00f6rnyezettudatoss\u00e1g\u00e1-nak meger\u0151s\u00edt\u00e9s\u00e9ben. Figyelembe v\u00e9ve a falu ter\u00fcleteinek nagys\u00e1g\u00e1t \u00e9s szem\u00e9ttel val\u00f3 telitetts\u00e9g\u00e9t ez val\u00f3ban csak egy par\u00e1nyi r\u00e9szt jelent, azonban felh\u00edv\u00e1sunkra Marosfelfalu polg\u00e1rai r\u00e9sz\u00e9r\u0151l csupa poz\u00edtiv visszajelz\u00e9st kaptunk, \u00e9s rem\u00e9nyeink szerint tov\u00e1bbi hasonl\u00f3 akci\u00f3kat fogunk szervezni, amelyekre rem\u00e9lj\u00fck, hogy egyre t\u00f6bben csatlakoznak majd.<\/p>\n","protected":false},"excerpt":{"rendered":"<p>A F\u00f6ld napja alkalm\u00e1b\u00f3l \u00e1prilis 22-n k\u00fcl\u00f6nf\u00e9le esem\u00e9nyeket rendeznek vil\u00e1gszerte, melyekkel felh\u00edvj\u00e1k a figyelmet a F\u00f6ld term\u00e9szeti k\u00f6rnyezet\u00e9nek meg\u00f3v\u00e1s\u00e1ra. A F\u00f6ld napja mozgalom egyik jelmondata: \u201eKi mondta, hogy nem tudod megv\u00e1ltoztatni a vil\u00e1got?\u201d. A Pro Feelfolu Egyes\u00fclet ennek szellem\u00e9ben kezdem\u00e9nyezte az \u00e1prilis 17-\u00e9n lezajlott k\u00f6ztisztas\u00e1gi akci\u00f3t a felfalusi erd\u0151ben. \u00d6nk\u00e9ntesek seg\u00edts\u00e9g\u00e9vel az egyes\u00fclet tagjainak siker\u00fclt [&hellip;]<\/p>\n","protected":false},"author":1,"featured_media":1751,"comment_status":"open","ping_status":"open","sticky":false,"template":"","format":"standard","meta":{"footnotes":""},"categories":[1],"tags":[],"class_list":["post-1750","post","type-post","status-publish","format-standard","has-post-thumbnail","hentry","category-pro-feelfolu"],"_links":{"self":[{"href":"https:\/\/feelfolu.ro\/index.php\/wp-json\/wp\/v2\/posts\/1750","targetHints":{"allow":["GET"]}}],"collection":[{"href":"https:\/\/feelfolu.ro\/index.php\/wp-json\/wp\/v2\/posts"}],"about":[{"href":"https:\/\/feelfolu.ro\/index.php\/wp-json\/wp\/v2\/types\/post"}],"author":[{"embeddable":true,"href":"https:\/\/feelfolu.ro\/index.php\/wp-json\/wp\/v2\/users\/1"}],"replies":[{"embeddable":true,"href":"https:\/\/feelfolu.ro\/index.php\/wp-json\/wp\/v2\/comments?post=1750"}],"version-history":[{"count":1,"href":"https:\/\/feelfolu.ro\/index.php\/wp-json\/wp\/v2\/posts\/1750\/revisions"}],"predecessor-version":[{"id":1752,"href":"https:\/\/feelfolu.ro\/index.php\/wp-json\/wp\/v2\/posts\/1750\/revisions\/1752"}],"wp:featuredmedia":[{"embeddable":true,"href":"https:\/\/feelfolu.ro\/index.php\/wp-json\/wp\/v2\/media\/1751"}],"wp:attachment":[{"href":"https:\/\/feelfolu.ro\/index.php\/wp-json\/wp\/v2\/media?parent=1750"}],"wp:term":[{"taxonomy":"category","embeddable":true,"href":"https:\/\/feelfolu.ro\/index.php\/wp-json\/wp\/v2\/categories?post=1750"},{"taxonomy":"post_tag","embeddable":true,"href":"https:\/\/feelfolu.ro\/index.php\/wp-json\/wp\/v2\/tags?post=1750"}],"curies":[{"name":"wp","href":"https:\/\/api.w.org\/{rel}","templated":true}]}}