{"id":1674,"date":"2020-12-19T09:34:23","date_gmt":"2020-12-19T09:34:23","guid":{"rendered":"https:\/\/feelfolu.ro\/?p=1674"},"modified":"2022-10-31T09:34:54","modified_gmt":"2022-10-31T09:34:54","slug":"pro-feelfolu-a-kozossegert","status":"publish","type":"post","link":"https:\/\/feelfolu.ro\/index.php\/2020\/12\/19\/pro-feelfolu-a-kozossegert\/","title":{"rendered":"Pro Feelfolu a k\u00f6z\u00f6ss\u00e9g\u00e9rt"},"content":{"rendered":"\n<p>Alig t\u00f6bb, mint egy \u00e9ve, 2019. okt\u00f3ber\u00e9ben adott jogi szem\u00e9lyis\u00e9get a sz\u00e1szr\u00e9geni ker\u00fcleti b\u00edr\u00f3s\u00e1g a Pro Feelfolu Egyes\u00fcletnek \u00e9s m\u00e1ris k\u00e9t nagyobb megval\u00f3s\u00edt\u00e1s f\u0171z\u0151dik hozz\u00e1.<\/p>\n\n\n\n<p><br>Egy rendezv\u00e9nyekben nem sz\u0171k\u00f6lk\u00f6d\u0151 kezdeti tev\u00e9kenys\u00e9get k\u00f6vet\u0151en (magyar s\u00e1tor a Hagyma-fesztiv\u00e1lon, Felfalu k\u00e9pvisel\u00e9se a Sz\u00e1szr\u00e9geni Magyar Napokon, filmvet\u00edt\u00e9s az \u201856-os forradalom eml\u00e9k\u00e9re, megeml\u00e9kez\u00e9s Marosfelfalu els\u0151 \u00edr\u00e1sos eml\u00edt\u00e9s\u00e9nek 700. \u00e9vfordul\u00f3j\u00e1r\u00f3l, farsangi kosaras b\u00e1l, megeml\u00e9kez\u00e9s az 1848-49-es szabads\u00e1gharcr\u00f3l, a trianoni dikt\u00e1tumr\u00f3l, n\u00f3taest szervez\u00e9se), a koronav\u00edrus-okozta vil\u00e1gj\u00e1rv\u00e1ny lehetetlenn\u00e9 tette a k\u00f6z\u00f6ss\u00e9gi rendezv\u00e9nyeket. A pand\u00e9mia gy\u00f6keresen \u00e1talak\u00edtotta a Pro Feelfolu Egyes\u00fclet tev\u00e9kenys\u00e9g\u00e9t.<\/p>\n\n\n\n<p><br>A j\u00e1rv\u00e1nnyal \u00f6sszef\u00fcgg\u00e9sben egy 22.645 lej \u00e9rt\u00e9k\u0171 p\u00e1ly\u00e1zat \u00e1ltal az egyes\u00fclet t\u00e1blag\u00e9peket \u00e9s moshat\u00f3 maszkokat biztos\u00edt a Marosfelfalusi Gimn\u00e1zium tan\u00edtv\u00e1nyainak. Ugyanakkor beszerz\u00e9sre ker\u00fclnek azok a felszerel\u00e9sek, amelyek igyen wifit biztos\u00edtanak majd a faluban. Ezek felszerel\u00e9s\u00e9re j\u00f6v\u0151 \u00e9vben ker\u00fcl sor.<\/p>\n\n\n\n<p><br>Egy m\u00e1sik \u00f3ri\u00e1si megval\u00f3s\u00edt\u00e1sa a Pro Feelfolu Egyes\u00fcletnek a COVID-19 vil\u00e1gj\u00e1rv\u00e1ny idej\u00e9n egy Fels\u0151-Maros menti magyar nyelv\u0171 h\u00edrport\u00e1l l\u00e9trehoz\u00e1sa \u00e9s m\u0171k\u00f6dtet\u00e9se. A port\u00e1l a mente.ro nevet kapta, utalva ezzel Fels\u0151-Maros ment\u00e9re, de nemcsak a f\u00f6ldrajzi Fels\u0151-Maros ment\u00e9t (R\u00e9gent\u0151l Marosh\u00e9vizig) fedi le, hanem t\u00e1gabb t\u00e9rs\u00e9get szolg\u00e1lna ki, Sz\u00e1szr\u00e9gen teljes vonz\u00e1sk\u00f6rzet\u00e9t, \u00e9s nemcsak.<\/p>\n","protected":false},"excerpt":{"rendered":"<p>Alig t\u00f6bb, mint egy \u00e9ve, 2019. okt\u00f3ber\u00e9ben adott jogi szem\u00e9lyis\u00e9get a sz\u00e1szr\u00e9geni ker\u00fcleti b\u00edr\u00f3s\u00e1g a Pro Feelfolu Egyes\u00fcletnek \u00e9s m\u00e1ris k\u00e9t nagyobb megval\u00f3s\u00edt\u00e1s f\u0171z\u0151dik hozz\u00e1. Egy rendezv\u00e9nyekben nem sz\u0171k\u00f6lk\u00f6d\u0151 kezdeti tev\u00e9kenys\u00e9get k\u00f6vet\u0151en (magyar s\u00e1tor a Hagyma-fesztiv\u00e1lon, Felfalu k\u00e9pvisel\u00e9se a Sz\u00e1szr\u00e9geni Magyar Napokon, filmvet\u00edt\u00e9s az \u201856-os forradalom eml\u00e9k\u00e9re, megeml\u00e9kez\u00e9s Marosfelfalu els\u0151 \u00edr\u00e1sos eml\u00edt\u00e9s\u00e9nek 700. \u00e9vfordul\u00f3j\u00e1r\u00f3l, farsangi [&hellip;]<\/p>\n","protected":false},"author":1,"featured_media":1675,"comment_status":"open","ping_status":"open","sticky":false,"template":"","format":"standard","meta":{"footnotes":""},"categories":[1],"tags":[],"class_list":["post-1674","post","type-post","status-publish","format-standard","has-post-thumbnail","hentry","category-pro-feelfolu"],"_links":{"self":[{"href":"https:\/\/feelfolu.ro\/index.php\/wp-json\/wp\/v2\/posts\/1674","targetHints":{"allow":["GET"]}}],"collection":[{"href":"https:\/\/feelfolu.ro\/index.php\/wp-json\/wp\/v2\/posts"}],"about":[{"href":"https:\/\/feelfolu.ro\/index.php\/wp-json\/wp\/v2\/types\/post"}],"author":[{"embeddable":true,"href":"https:\/\/feelfolu.ro\/index.php\/wp-json\/wp\/v2\/users\/1"}],"replies":[{"embeddable":true,"href":"https:\/\/feelfolu.ro\/index.php\/wp-json\/wp\/v2\/comments?post=1674"}],"version-history":[{"count":1,"href":"https:\/\/feelfolu.ro\/index.php\/wp-json\/wp\/v2\/posts\/1674\/revisions"}],"predecessor-version":[{"id":1676,"href":"https:\/\/feelfolu.ro\/index.php\/wp-json\/wp\/v2\/posts\/1674\/revisions\/1676"}],"wp:featuredmedia":[{"embeddable":true,"href":"https:\/\/feelfolu.ro\/index.php\/wp-json\/wp\/v2\/media\/1675"}],"wp:attachment":[{"href":"https:\/\/feelfolu.ro\/index.php\/wp-json\/wp\/v2\/media?parent=1674"}],"wp:term":[{"taxonomy":"category","embeddable":true,"href":"https:\/\/feelfolu.ro\/index.php\/wp-json\/wp\/v2\/categories?post=1674"},{"taxonomy":"post_tag","embeddable":true,"href":"https:\/\/feelfolu.ro\/index.php\/wp-json\/wp\/v2\/tags?post=1674"}],"curies":[{"name":"wp","href":"https:\/\/api.w.org\/{rel}","templated":true}]}}