{"id":1671,"date":"2020-11-20T09:28:54","date_gmt":"2020-11-20T09:28:54","guid":{"rendered":"https:\/\/feelfolu.ro\/?p=1671"},"modified":"2022-10-31T09:30:20","modified_gmt":"2022-10-31T09:30:20","slug":"kulturalis-tevekenysegek-jarvany-idejen","status":"publish","type":"post","link":"https:\/\/feelfolu.ro\/index.php\/2020\/11\/20\/kulturalis-tevekenysegek-jarvany-idejen\/","title":{"rendered":"Kultur\u00e1lis tev\u00e9kenys\u00e9gek j\u00e1rv\u00e1ny idej\u00e9n"},"content":{"rendered":"\n<p>Hab\u00e1r a koronav\u00edrus vil\u00e1gj\u00e1rv\u00e1ny g\u00e1tolta \u00e9s g\u00e1tolja a kultur\u00e1lis rendezv\u00e9nyek megszervez\u00e9s\u00e9t, m\u00e9gis a Pro Feelfolu Egyes\u00fclet tev\u00e9keny volt id\u00e9n is, ami az ilyen esem\u00e9nyek szervez\u00e9s\u00e9t illeti.<\/p>\n\n\n\n<p><br>2020-ban az els\u0151 esem\u00e9ny, amelyet a Pro Feelfolu Egyes\u00fclet az RMDSZ marosfelfalusi szervezet\u00e9vel k\u00f6z\u00f6sen szervezett a hagyom\u00e1nyos farsangi b\u00e1l volt janu\u00e1r 25-\u00e9n Marosfelfalu M\u0171vel\u0151d\u00e9si H\u00e1z\u00e1ban. Megh\u00edvott szt\u00e1rvend\u00e9gk\u00e9nt Gy\u00f6rgy Botond humorista, az Erd\u00e9lyi Humorfesztiv\u00e1l egykori nyertese l\u00e9pett fel. Nem maradhatott el a tombola sem, amelynek k\u00e9t f\u0151nyerem\u00e9nye volt: k\u00e9t malac.<\/p>\n\n\n\n<p><br>Ugyancsak az RMDSZ-szel k\u00f6z\u00f6sen eml\u00e9kezett a Pro Feelfolu Egyes\u00fclet az 1848-49-es szabads\u00e1gharcra, ugyancsak a felfalusi M\u0171vel\u0151d\u00e9si H\u00e1zban m\u00e1rcius 8-\u00e1n, \u00e9ppen a j\u00e1rv\u00e1ny miatti sz\u00fcks\u00e9g\u00e1llapot bejelent\u00e9se el\u0151tt. R\u00e1cz Istv\u00e1n, a Pro Feelfolu Egyes\u00fclet eln\u00f6ke, \u00e9s Kov\u00e1cs Levente, a Maros megyei RMDSZ \u00fcgyvezet\u0151 eln\u00f6ke \u00fcnnepi besz\u00e9dei mellett sz\u00ednpadra l\u00e9ptek a felfalusi \u00f3vod\u00e1sok \u00e9s iskol\u00e1sok, a Kis B\u00edborka \u00e9s B\u00edborka n\u00e9pt\u00e1nccsoportok.<\/p>\n\n\n\n<p><br>J\u00fanius 4-\u00e9n az egyes\u00fclet bekapcso-l\u00f3dott a trianoni b\u00e9kedikt\u00e1tum al\u00e1\u00edr\u00e1sa 100. \u00e9vfordul\u00f3j\u00e1nak megeml\u00e9kez\u00e9s\u00e9re szervezett \u00d6sszetartoz\u00e1sunk T\u00fcze esem\u00e9nybe egy szabadt\u00e9ri t\u0171zgy\u00fajt\u00e1ssal.<br>A fesztiv\u00e1lok hi\u00e1ny\u00e1ban a Pro Feelfolu guly\u00e1soz\u00e1sos n\u00f3taestet szervezett j\u00falius 17-\u00e9n. Ez az esem\u00e9ny adta meg az alaphangot az \u00faj tagok jelentkez\u00e9s\u00e9re az egyes\u00fcletbe.<\/p>\n\n\n\n<p><br>A 8 alap\u00edt\u00f3 tag mellett 7 \u00faj tag csatlakozott az egyes\u00fclethez, mind fiatalok. \u00daj er\u0151kkel az egyes\u00fclet j\u00f6v\u0151beni esem\u00e9nyei \u00e9s rendezv\u00e9nyei eg\u00e9sz biztosan r\u00e9szletesebben lesznek megszervezve.<\/p>\n","protected":false},"excerpt":{"rendered":"<p>Hab\u00e1r a koronav\u00edrus vil\u00e1gj\u00e1rv\u00e1ny g\u00e1tolta \u00e9s g\u00e1tolja a kultur\u00e1lis rendezv\u00e9nyek megszervez\u00e9s\u00e9t, m\u00e9gis a Pro Feelfolu Egyes\u00fclet tev\u00e9keny volt id\u00e9n is, ami az ilyen esem\u00e9nyek szervez\u00e9s\u00e9t illeti.<\/p>\n","protected":false},"author":1,"featured_media":1483,"comment_status":"open","ping_status":"open","sticky":false,"template":"","format":"standard","meta":{"footnotes":""},"categories":[1],"tags":[],"class_list":["post-1671","post","type-post","status-publish","format-standard","has-post-thumbnail","hentry","category-pro-feelfolu"],"_links":{"self":[{"href":"https:\/\/feelfolu.ro\/index.php\/wp-json\/wp\/v2\/posts\/1671","targetHints":{"allow":["GET"]}}],"collection":[{"href":"https:\/\/feelfolu.ro\/index.php\/wp-json\/wp\/v2\/posts"}],"about":[{"href":"https:\/\/feelfolu.ro\/index.php\/wp-json\/wp\/v2\/types\/post"}],"author":[{"embeddable":true,"href":"https:\/\/feelfolu.ro\/index.php\/wp-json\/wp\/v2\/users\/1"}],"replies":[{"embeddable":true,"href":"https:\/\/feelfolu.ro\/index.php\/wp-json\/wp\/v2\/comments?post=1671"}],"version-history":[{"count":2,"href":"https:\/\/feelfolu.ro\/index.php\/wp-json\/wp\/v2\/posts\/1671\/revisions"}],"predecessor-version":[{"id":1673,"href":"https:\/\/feelfolu.ro\/index.php\/wp-json\/wp\/v2\/posts\/1671\/revisions\/1673"}],"wp:featuredmedia":[{"embeddable":true,"href":"https:\/\/feelfolu.ro\/index.php\/wp-json\/wp\/v2\/media\/1483"}],"wp:attachment":[{"href":"https:\/\/feelfolu.ro\/index.php\/wp-json\/wp\/v2\/media?parent=1671"}],"wp:term":[{"taxonomy":"category","embeddable":true,"href":"https:\/\/feelfolu.ro\/index.php\/wp-json\/wp\/v2\/categories?post=1671"},{"taxonomy":"post_tag","embeddable":true,"href":"https:\/\/feelfolu.ro\/index.php\/wp-json\/wp\/v2\/tags?post=1671"}],"curies":[{"name":"wp","href":"https:\/\/api.w.org\/{rel}","templated":true}]}}