{"id":1668,"date":"2020-01-15T09:07:17","date_gmt":"2020-01-15T09:07:17","guid":{"rendered":"https:\/\/feelfolu.ro\/?p=1668"},"modified":"2022-10-31T09:07:38","modified_gmt":"2022-10-31T09:07:38","slug":"pro-feelfolu-jelentes","status":"publish","type":"post","link":"https:\/\/feelfolu.ro\/index.php\/2020\/01\/15\/pro-feelfolu-jelentes\/","title":{"rendered":"Pro Feelfolu jelent\u00e9s"},"content":{"rendered":"\n<p>M\u00falt \u00e9vben megfogalmaz\u00f3dott egy egyes\u00fclet l\u00e9trehoz\u00e1s\u00e1nak ig\u00e9nye, amely a k\u00f6z\u00f6ss\u00e9g \u00e9s k\u00f6z\u00f6ss\u00e9g\u00e9p\u00edt\u00e9s c\u00e9ljait szolg\u00e1lja.<\/p>\n\n\n\n<p><br>A Pro Feelfolu egyes\u00fclet gyakorlatilag m\u00e1r a Sz\u00e1szr\u00e9geni B\u00edr\u00f3s\u00e1gon val\u00f3 hivatalos bejegyz\u00e9se el\u0151tt is tev\u00e9kenykedett.<\/p>\n\n\n\n<p><br>Az egyes\u00fclet els\u0151 k\u00f6z\u00f6ss\u00e9gi tev\u00e9kenys\u00e9ge a m\u00falt \u00e9vi felfalusi Hagymafesztiv\u00e1lon val\u00f3 r\u00e9szv\u00e9tel volt augusztus 17-\u00e9n \u00e9s 18-\u00e1n. K\u00e9t \u00e9jszak\u00e1ba ny\u00fal\u00f3 n\u00f3t\u00e1z\u00e1s mellett az egyes\u00fclet standj\u00e1hoz l\u00e1togat\u00f3knak egy t\u00e1ny\u00e9r finom mangalica h\u00fasb\u00f3l k\u00e9sz\u00fclt guly\u00e1shoz is szerencs\u00e9j\u00fck volt. Erre az esem\u00e9nyre egy 4 m\u00e9teres bannert k\u00e9sz\u00edtett az egyes\u00fclet, amely Marosfelfalu t\u00f6rt\u00e9nelm\u00e9nek n\u00e9h\u00e1ny fontosabb mozzanat\u00e1t mutatja be n\u00e9gy nyelven: rom\u00e1nul, magyarul, cig\u00e1nyul \u00e9s angolul. Ezen az esem\u00e9nyen hoztuk l\u00e9tre a #Feelfolu hashtag-et a szoci\u00e1lm\u00e9dia haszn\u00e1l\u00f3inak. Standunk l\u00e1togat\u00f3i sz\u00e1m\u00e1nak alapj\u00e1n elmondhatjuk, hogy els\u0151 k\u00f6z\u00f6ss\u00e9gi szerepl\u00e9s\u00fcnk sikeres volt.<\/p>\n\n\n\n<p><br>A Sz\u00e1szr\u00e9geni Magyar Napokon is r\u00e9szt vett a Pro Feelfolu egyes\u00fclet szeptember 8-\u00e1n, ahol a guly\u00e1sf\u0151z\u0151 versenyen a tucatnyi csapat k\u00f6z\u00fcl harmadik helyez\u00e9st \u00e9rt el. Ez\u00fattal borj\u00fa h\u00fasb\u00f3l k\u00e9sz\u00fclt a dobog\u00f3s \u00e9rt\u00e9kel\u00e9st el\u00e9r\u0151 guly\u00e1s, amelyet a stand l\u00e1t\u00f3gat\u00f3i \u00e9s a felfalusi fiatalokb\u00f3l \u00e1ll\u00f3 Hobby labdar\u00fag\u00f3 csapat is megk\u00f3st\u00f3lhatott a kisp\u00e1ly\u00e1s labdar\u00fag\u00f3 torna m\u00e1sodik helyez\u00e9s\u00e9nek megszerz\u00e9se ut\u00e1n.<\/p>\n\n\n\n<p><br>Okt\u00f3ber 24-\u00e9n filmvet\u00edt\u00e9ssel eml\u00e9kezt\u00fcnk az 1956-os forradalom kit\u00f6r\u00e9s\u00e9nek 63. \u00e9vfordul\u00f3j\u00e1ra. \u201eA berni k\u00f6vet\u201d c\u00edm\u0171 j\u00e1t\u00e9kfilmet vet\u00edtett\u00fck Marosfelfalu M\u0171vel\u0151d\u00e9si H\u00e1z\u00e1nak el\u0151term\u00e9ben ingyenes bel\u00e9p\u00e9ssel, amelyet Magyarorsz\u00e1g Kolozsv\u00e1ri F\u0151konzul\u00e1tusa aj\u00e1nlott fel sz\u00e1munkra.<\/p>\n\n\n\n<p><br>December 15-\u00e9n szervezt\u00fck a B\u00edborka egyes\u00fclettel k\u00f6z\u00f6sen eddigi leg\u00f6sszetettebb rendezv\u00e9ny\u00fcnket Marosfelfalu els\u0151 \u00edr\u00e1sos eml\u00edt\u00e9s\u00e9nek 700. \u00e9vfordul\u00f3j\u00e1ra. Egy 1319. december 14. keltez\u00e9s\u0171 hagyat\u00e9klev\u00e9lben eml\u00edtik el\u0151sz\u00f6r Marosfelfalut. 2019. december 15-\u00e9n 17 \u00f3r\u00e1t\u00f3l Marosfelfalu M\u0171vel\u0151d\u00e9si H\u00e1z\u00e1ban \u00fcnnepi m\u0171sorunk keret\u00e9n bel\u00fcl el\u0151ad\u00e1st tartottak a marosfelfalusi \u00f3vod\u00e1sok \u00e9s iskol\u00e1sok, a Kis B\u00edborka n\u00e9pt\u00e1nccsoport, a B\u00edborka n\u00e9pt\u00e1nccsoport dr. R\u00fcsz-Fogarasi Enik\u0151, a Babe\u0219-Bolyai Tudom\u00e1nyegyetem T\u00f6rt\u00e9nelem \u00e9s Filoz\u00f3fia Kar\u00e1nak D\u00e9k\u00e1nhelyettese, illetve felsz\u00f3lalt R\u00e1cz Istv\u00e1n, Er\u0151s Csaba \u00e9s Kov\u00e1cs J\u00e1nos. Az esem\u00e9nyen ki\u00e1ll\u00edt\u00e1sra ker\u00fcltek a Pro Feelfolu Egyes\u00fclet \u00e1ltal megh\u00edrdetett Marosfelfalur\u00f3l sz\u00f3l\u00f3 kreat\u00edv versenyre be\u00e9rkezett alkot\u00e1sok. Egy folyamatosan n\u00f6vekv\u0151 ki\u00e1ll\u00edt\u00e1s \u0151sbemutat\u00f3j\u00e1t is megtekinthett\u00e9k a vel\u00fcnk egy\u00fctt \u00fcnnepl\u0151k, amely nagy\u00edtott r\u00e9gi felfalusi k\u00e9pekb\u0151l \u00e1ll. Nagyj\u00e1b\u00f3l 120 ilyen k\u00e9pet n\u00e9zegetve eml\u00e9kezhett\u00fcnk el\u0151deinkre vagy r\u00e9gi tev\u00e9kenys\u00e9geinkre. A m\u0171sor ut\u00e1n \u00fcnnepi fogad\u00e1sra ker\u00fclt sor.<\/p>\n\n\n\n<p><br>Id\u00e9n is sz\u00e1mos sz\u00ednvonalas esem\u00e9ny, rendezv\u00e9ny szervez\u00e9s\u00e9t tervezz\u00fck \u00e9s arra szeretn\u00e9k megk\u00e9rni mindenkit, hogy felfalusi b\u00fcszkes\u00e9g\u00fcnket f\u00e9lret\u00e9ve legy\u00fcnk mindannyian r\u00e9szesei Marosfelfalu eddigi legnagyobb k\u00f6z\u00f6ss\u00e9g\u00e9p\u00edt\u00e9si mozgalm\u00e1nak, amelyet nem a politika ir\u00e1ny\u00edt.<\/p>\n","protected":false},"excerpt":{"rendered":"<p>M\u00falt \u00e9vben megfogalmaz\u00f3dott egy egyes\u00fclet l\u00e9trehoz\u00e1s\u00e1nak ig\u00e9nye, amely a k\u00f6z\u00f6ss\u00e9g \u00e9s k\u00f6z\u00f6ss\u00e9g\u00e9p\u00edt\u00e9s c\u00e9ljait szolg\u00e1lja. A Pro Feelfolu egyes\u00fclet gyakorlatilag m\u00e1r a Sz\u00e1szr\u00e9geni B\u00edr\u00f3s\u00e1gon val\u00f3 hivatalos bejegyz\u00e9se el\u0151tt is tev\u00e9kenykedett. Az egyes\u00fclet els\u0151 k\u00f6z\u00f6ss\u00e9gi tev\u00e9kenys\u00e9ge a m\u00falt \u00e9vi felfalusi Hagymafesztiv\u00e1lon val\u00f3 r\u00e9szv\u00e9tel volt augusztus 17-\u00e9n \u00e9s 18-\u00e1n. K\u00e9t \u00e9jszak\u00e1ba ny\u00fal\u00f3 n\u00f3t\u00e1z\u00e1s mellett az egyes\u00fclet standj\u00e1hoz l\u00e1togat\u00f3knak [&hellip;]<\/p>\n","protected":false},"author":1,"featured_media":1669,"comment_status":"open","ping_status":"open","sticky":false,"template":"","format":"standard","meta":{"footnotes":""},"categories":[1],"tags":[],"class_list":["post-1668","post","type-post","status-publish","format-standard","has-post-thumbnail","hentry","category-pro-feelfolu"],"_links":{"self":[{"href":"https:\/\/feelfolu.ro\/index.php\/wp-json\/wp\/v2\/posts\/1668","targetHints":{"allow":["GET"]}}],"collection":[{"href":"https:\/\/feelfolu.ro\/index.php\/wp-json\/wp\/v2\/posts"}],"about":[{"href":"https:\/\/feelfolu.ro\/index.php\/wp-json\/wp\/v2\/types\/post"}],"author":[{"embeddable":true,"href":"https:\/\/feelfolu.ro\/index.php\/wp-json\/wp\/v2\/users\/1"}],"replies":[{"embeddable":true,"href":"https:\/\/feelfolu.ro\/index.php\/wp-json\/wp\/v2\/comments?post=1668"}],"version-history":[{"count":1,"href":"https:\/\/feelfolu.ro\/index.php\/wp-json\/wp\/v2\/posts\/1668\/revisions"}],"predecessor-version":[{"id":1670,"href":"https:\/\/feelfolu.ro\/index.php\/wp-json\/wp\/v2\/posts\/1668\/revisions\/1670"}],"wp:featuredmedia":[{"embeddable":true,"href":"https:\/\/feelfolu.ro\/index.php\/wp-json\/wp\/v2\/media\/1669"}],"wp:attachment":[{"href":"https:\/\/feelfolu.ro\/index.php\/wp-json\/wp\/v2\/media?parent=1668"}],"wp:term":[{"taxonomy":"category","embeddable":true,"href":"https:\/\/feelfolu.ro\/index.php\/wp-json\/wp\/v2\/categories?post=1668"},{"taxonomy":"post_tag","embeddable":true,"href":"https:\/\/feelfolu.ro\/index.php\/wp-json\/wp\/v2\/tags?post=1668"}],"curies":[{"name":"wp","href":"https:\/\/api.w.org\/{rel}","templated":true}]}}