{"id":1666,"date":"2019-12-14T09:01:19","date_gmt":"2019-12-14T09:01:19","guid":{"rendered":"https:\/\/feelfolu.ro\/?p=1666"},"modified":"2023-01-25T15:38:09","modified_gmt":"2023-01-25T15:38:09","slug":"marosfelfalu-700","status":"publish","type":"post","link":"https:\/\/feelfolu.ro\/index.php\/2019\/12\/14\/marosfelfalu-700\/","title":{"rendered":"Marosfelfalu 700"},"content":{"rendered":"\n<p>Egy 1319. december 14-ei keltez\u00e9s\u0171 hagyat\u00e9klev\u00e9lben eml\u00edtik el\u0151sz\u00f6r Marosfelfalut.<\/p>\n\n\n\n<p><br>Marosfelfalu nev\u00e9t a fekv\u00e9s\u00e9b\u0151l kifoly\u00f3lag kapta. A falu nev\u00e9nek a foly\u00f3ra utal\u00f3 Maros- el\u0151tagj\u00e1t 1904-ben kapta hivatali uton. A Felfalu megnevez\u00e9s szorosan k\u00f6thet\u0151 a k\u00f6zeli v\u00e1roshoz, Sz\u00e1szr\u00e9genhez viszony\u00edtott f\u00f6ldrajzi fekv\u00e9s\u00e9hez, mivel a v\u00e1rost\u00f3l \u00e9szakra, fennebb, a hegyek fel\u00e9 fekszik. Az els\u0151 fennmaradt \u00edr\u00e1sos eml\u00edt\u00e9se 1319-ben Feelfolu n\u00e9vvel illeti. 1332-ben \u00e9s 1335-ben villa Principis (a herceg faluja, n\u00e9met\u00fcl Pr\u00e4nzdorf) n\u00e9ven olvashatunk r\u00f3la. Felfalw el\u0151sz\u00f6r 1461-ben, Pr\u00e4nzdorf n\u00e9met\u00fcl 1505-ben, Felfalu 1648-ban, F\u00f6lfalu 1733-ban, Oberdorf n\u00e9met\u00fcl 1790-ben, Fel-Falu, Villa Superior latinul, Felfalo 1805-ben, F\u0103lf\u0103l\u0103ulu (\u0424\u044a\u043b\u0444\u044a\u043b\u044a\u0443\u043b\u0443) rom\u00e1nul 1851-ben, Hochfeld n\u00e9met\u00fcl \u00e9s F\u0103lf\u0103l\u0103u (\u0424\u044a\u043b\u0444\u044a\u043b\u044a\u0443) rom\u00e1nul 1854-ben, O. Ujfalu 1859-ben, Mur\u0103\u0219f\u0103lf\u0103l\u0103u rom\u00e1nul 1914-ben. A jelenleg haszn\u00e1lt rom\u00e1n Suseni megnevez\u00e9st hivatali \u00faton kapta a falu a Rom\u00e1ni\u00e1hoz val\u00f3 csatol\u00e1st k\u00f6vet\u0151en. Cig\u00e1nyul a falu neve Farfulovo, ami a Magyar Felfalub\u00f3l alakult ki.<\/p>\n\n\n\n<p><br>A falu ter\u00fclete m\u00e1r a bronzkorban lakott ter\u00fclet volt amint az 1924-ben felsz\u00ednre ker\u00fcl\u0151 bronzleletek is bizony\u00edtj\u00e1k. 1924 tavasz\u00e1n, a pala kitermel\u00e9se sor\u00e1n a t\u00e9glagy\u00e1r melletti b\u00e1ny\u00e1b\u00f3l egy bronz let\u00e9tet tal\u00e1ltak, amely i.e. a XII. sz\u00e1zadb\u00f3l val\u00f3 (bronzkor, kb. 3200 \u00e9ve). Az \u00e9p t\u00e1rgyakb\u00f3l \u00e9s darabokb\u00f3l \u00e1ll\u00f3 kincset a Marosv\u00e1s\u00e1rhelyi Archeol\u00f3giai \u00e9s N\u00e9prajzi M\u00fazeumba sz\u00e1ll\u00edtott\u00e1k, \u00f6sszesen 91 darabot, t\u00f6bbek k\u00f6zt l\u00e1ndzsa hegyek, fejsz\u00e9k, sarl\u00f3k, kark\u00f6t\u0151k, k\u00e9sek, kardok, fibul\u00e1k. A legszebb, az akkori m\u0171v\u00e9szet egyik legt\u00f6k\u00e9letesebb k\u00e9pvisel\u0151je egy bronzkori fibula, bross, amely Maros megye jelk\u00e9p\u00e9v\u00e9 v\u00e1lt, megjelenik 1998-t\u00f3l Maros megye \u00e9s 2011-t\u0151l Marosfelfalu k\u00f6zs\u00e9g c\u00edmer\u00e9n. A bronzkorban egy katonai kit\u00fcntet\u00e9s lehetett, 2001-t\u0151l viszont a &#8222;Marosfelfalusi fibula&#8221; (&#8222;Fibula de la Suseni&#8221;) Maros megye legrangosabb kit\u00fcntet\u00e9se, amelyet tud\u00f3sok, kult\u00far\u00e1lis tev\u00e9kenys\u00e9get folytat\u00f3k, tan\u00e1rok kapnak, akik az id\u0151k folyam\u00e1n konkr\u00e9tan seg\u00edtett\u00e9k megy\u00e9nk h\u00edrnev\u00e9nek terjed\u00e9s\u00e9t az orsz\u00e1gban \u00e9s orsz\u00e1ghat\u00e1rokon t\u00fal.<\/p>\n\n\n\n<p><br>\u00c9p\u00edtkez\u00e9s nyomai a falu ter\u00fclet\u00e9n m\u00e1r a R\u00f3mai Birodalom idej\u00e9r\u0151l ismertek, ugyanis k\u0151burkolat\u00fa \u00fat haladt \u00e1t Felfalu ter\u00fclet\u00e9n. \u201eA r\u00f3mai \u00fat Sz\u00e1sz-R\u00e9gent\u00f6l V\u00e9csig k\u00f6vethet\u0151 a Maros mell\u00e9k\u00e9n f\u00f6lfel\u00e9, s a Sz\u00e1sz-R\u00e9gent\u00f6l egy \u00f3r\u00e1nyira es\u0151 s\u00f3telepek- \u00e9s s\u00f3s forr\u00e1sokn\u00e1l, s\u0151t a Maros partj\u00e1n R\u00e9gent\u00f6l negyedf\u00e9l m\u00e9rf\u00f6ldnyire es\u00f6 D\u00e9d\u00e1n\u00e1l igen kivehet\u0151. V\u00e9cst\u00f6l Sz\u00e1sz-R\u00e9genig a r\u00f3mai korban \u00fat von\u00falt, s hogy k\u00f6burokkal birt, az ut\u00e1n\u00e1s\u00e1s k\u00e9ts\u00e9gtelenn\u00e9 tette.\u201d A Totorok k\u00f6zel\u00e9ben, a falut\u00f3l \u00e9szakra r\u00f3mai fal- \u00e9s t\u00e9gla maradv\u00e1nyokra bukkantak, a k\u00f6zs\u00e9g Dedr\u00e1dhoz \u00e9s Dedr\u00e1dsz\u00e9plakhoz k\u00f6zel es\u0151 r\u00e9sz\u00e9n pedig egy r\u00f3mai telep\u00fcl\u00e9s nyomai tal\u00e1lhat\u00f3ak a III. sz\u00e1zad v\u00e9g\u00e9r\u0151l.<\/p>\n\n\n\n<p><br>A ma is romokban l\u00e9tez\u0151 templom szent\u00e9lye a XII. sz\u00e1zad m\u00e1sodik fel\u00e9ben \u00e9p\u00fclt, a Maros mell\u00e9k\u00e1ga jobb partj\u00e1n II. G\u00e9za (1141-1161) magyar kir\u00e1ly idej\u00e9n, m\u00edg haj\u00f3ja IV. B\u00e9la (1235-1270) kor\u00e1ban \u00e9p\u00fclt.<\/p>\n\n\n\n<p><br>Az 1241-1242-es tat\u00e1rj\u00e1r\u00e1s a Fels\u0151-Maros ment\u00e9t is \u00e9rintette \u00e9s nagy puszt\u00edt\u00e1sokkal j\u00e1rt. Felfalu lakoss\u00e1ga nagyon meggy\u00e9r\u00fclt.<\/p>\n\n\n\n<p><br>Mivel Felfaluba \u00e9s k\u00f6rny\u00e9k\u00e9re oroszokat \u00e9s rom\u00e1nokat telep\u00edtettek, ezeknek a katolikus hitre val\u00f3 t\u00e9r\u00e9se \u00e9rdek\u00e9ben 1427-ben Losonczi Dezs\u0151fi J\u00e1nos \u00fagy hat\u00e1rozott, hogy ferences-rendi kolostort alap\u00edt a faluban. December 13-\u00e1n meg is kapta az enged\u00e9lyt V. M\u00e1rton p\u00e1p\u00e1t\u00f3l, hogy Szent Mih\u00e1ly tisztelet\u00e9re templomot \u00e9s ferences kolostort \u00e9p\u00edttessen. 1540-ben a k\u00e1ptalan utas\u00edt\u00e1s\u00e1ra a ferencesek elhagyt\u00e1k a kolostort mivel \u00e9p\u00fclete \u00f6sszeomlott. Az akkori f\u00f6ldes\u00far, Kendy Ferenc 1542-ben megpr\u00f3b\u00e1lta visszah\u00edvni a ferenceseket, a k\u00e1ptalan viszont elutas\u00edtotta, mivel saj\u00e1t erej\u00fckb\u0151l nem lenn\u00e9nek k\u00e9pesek helyre\u00e1ll\u00edtani \u00e9s fenntartani az \u00e9p\u00fcleteket. A kolostor a mai temet\u0151 hely\u00e9n \u00e1llott.<\/p>\n\n\n\n<p><br>M\u00e1r 1525-ben Felfalu katolikus lelk\u00e9sz\u00e9t, Johannes Clementis pl\u00e9b\u00e1nost hit\u00faj\u00edt\u00e1ssal v\u00e1dolj\u00e1k. A XVI. sz\u00e1zadb\u00f3l Felfalu k\u00e9t n\u00e9met anyanyelv\u0171 protest\u00e1ns lelkip\u00e1sztor\u00e1t ismerj\u00fck. 1563-ban Joseph Kraus szolg\u00e1lt itt, 1579-ben pedig Andreas. A reform\u00e1tus egyh\u00e1z \u00edr\u00e1sos eml\u00edt\u00e9s\u00e9nek ideje 1595. Ez id\u0151b\u0151l val\u00f3 a haszn\u00e1laton k\u00edv\u00fcli r\u00e9gi harang II. Rudolf cs\u00e1sz\u00e1r mellk\u00e9p\u00e9vel, a k\u00f6vetkez\u0151 felirattal: \u201cSpes mea est Cristus 1598\u201d. 1628-ban m\u00e1r magyar nev\u0171 \u00e9s, val\u00f3sz\u00edn\u0171leg, anyanyelv\u0171 lelk\u00e9szt eml\u00edtenek Felfaluban az iratok, Szalacsi Gy\u00f6rgy\u00f6t.<\/p>\n\n\n\n<p><br>A m\u00e1sodik mongol inv\u00e1zi\u00f3, az 1658-as tat\u00e1rj\u00e1r\u00e1s, ak\u00e1rcsak az els\u0151, jelent\u0151s k\u00e1rokat okozott a faluban. A tat\u00e1rok \u00f6sszegy\u0171jt\u00f6tt\u00e9k a falu n\u00e9p\u00e9t, bez\u00e1rt\u00e1k a templomba \u00e9s r\u00e1juk gy\u00fajtott\u00e1k a templomot. A kev\u00e9s t\u00fal\u00e9l\u0151, akik el tudtak menek\u00fclni a k\u00f6zeli erd\u0151kbe, visszat\u00e9rve a faluba eltemett\u00e9k halottaikat egy t\u00f6megs\u00edrba a templomkertbe. Ennek eml\u00e9k\u00e9re kopjafa \u00e1ll a t\u00f6megs\u00edr hely\u00e9n.<\/p>\n\n\n\n<p><br>Felfaluban az iskolai oktat\u00e1s kezdete a XVIII. Sz\u00e1zad els\u0151 fel\u00e9re tehet\u0151. A reform\u00e1tus iskol\u00e1t 1722-ben szervezt\u00e9k meg. Az iskola felszerel\u00e9se, \u00e9ppen \u00fagy, mint a t\u00f6bbi falusi iskol\u00e1\u00e9, kezdetleges volt, kev\u00e9s iskolak\u00f6teles jobb\u00e1gygyermek l\u00e1togatta.<\/p>\n\n\n\n<p><br>1727-ben alalkul meg Felfaluban a g\u00f6r\u00f6g-katolikus egyh\u00e1z Inocen\u021biu Micu-Klein p\u00fcsp\u00f6k idej\u00e9ben. 1824-t\u0151l a felfalusi g\u00f6r\u00f6g-katolikus egyh\u00e1zk\u00f6zs\u00e9g iskol\u00e1t m\u0171k\u00f6dtetett egy fa \u00e9p\u00fcletben, majd 1871-ben \u00faj \u00e9p\u00fcletbe k\u00f6lt\u00f6z\u00f6tt. 1895-ben fel\u00e9p\u00fcl az \u00faj g\u00f6r\u00f6g-katolikus templom k\u0151b\u0151l.<\/p>\n\n\n\n<p><br>A XIX. sz\u00e1zad derek\u00e1n, a magyar szabads\u00e1gharc lever\u00e9s\u00e9t k\u00f6vet\u0151en, \u00faj orsz\u00e1g\u00fat \u00e9p\u00fclt Sz\u00e1szr\u00e9gen \u00e9s Marosv\u00e9cs k\u00f6z\u00f6tt. Az akkor m\u00e9g ritk\u00e1n be\u00e9p\u00edtett \u00faj orsz\u00e1g\u00fat mellett kapott adom\u00e1nyk\u00e9nt Felfalu Ev. Reform\u00e1lt Egyh\u00e1zk\u00f6zs\u00e9ge Kem\u00e9ny Gy\u00f6rgy b\u00e1r\u00f3t\u00f3l \u00faj templom \u00e9p\u00edt\u00e9s\u00e9re kiszemelt ter\u00fcletet, amelyen 1913-ra meg\u00e9p\u00fclt az \u00faj reform\u00e1tus templom.<\/p>\n\n\n\n<p><br>1948-ban betiltott\u00e1k a g\u00f6r\u00f6g-katolikus vall\u00e1st. Annak ellen\u00e9re, hogy Maior Beniamin Ioan, Marosfelfalu g\u00f6r\u00f6g-katolikus papja nem t\u00e9rt \u00e1t az ortodox hitre, 1949. febru\u00e1rj\u00e1ig siker\u00fclt megtartania funkci\u00f3j\u00e1t, amikor az \u00e1t\u00e1ll\u00e1s megtagad\u00e1s\u00e1\u00e9rt er\u0151vel elt\u00e1vol\u00edtott\u00e1k. Ett\u0151l kezdve Felfaluban a g\u00f6r\u00f6g-katolikus egyh\u00e1z hely\u00e9t \u00e1tvette a rom\u00e1n ortodox egyh\u00e1z.<\/p>\n\n\n\n<p><br>A m\u00e1sodik vil\u00e1gh\u00e1bor\u00fa ut\u00e1n, 1968 \u00e9s 1981 k\u00f6z\u00f6tt elemi iskola \u00e9p\u00fclt a falu lak\u00f3inak \u00f6nk\u00e9ntes munk\u00e1j\u00e1val \u00e9s p\u00e9nzbeli hozz\u00e1j\u00e1rul\u00e1s\u00e1val.<\/p>\n\n\n\n<p><br>2009-2012 k\u00f6z\u00f6tt a Marosfelfalusi \u00c1ltal\u00e1nos Iskola als\u00f3 tagozat\u00e1nak fi\u00fa labdarug\u00f3 csapata igen sz\u00e9p eredm\u00e9nyeket \u00e9rt el orsz\u00e1gos szinten Caraza Gabriel sporttan\u00e1r ir\u00e1ny\u00edt\u00e1s\u00e1val. A 2009-2010-es tan\u00e9vben az iskolai sport olimpi\u00e1sz megyei szakasz\u00e1ban m\u00e1sodik helyen v\u00e9geztek a fi\u00fak. A 2010-2011-es tan\u00e9vben megnyert\u00e9k a megyei szakaszt \u00e9s m\u00e1sodikok lettek a Brass\u00f3ban megszervezett zon\u00e1lis szakaszban. Legjobb teljes\u00edtm\u00e9ny\u00e9t a csapat a 2011-2012-es tan\u00e9vben \u00e9rte el, amikor megnyert\u00e9k a megyei \u00e9s zon\u00e1lis szakaszt, majd bajnokok lettek az orsz\u00e1gos olimpi\u00e1sz torn\u00e1n \u00e9s k\u00e9t k\u00fcl\u00f6n d\u00edjat is kaptak: a g\u00f3lkir\u00e1ly \u00e9s a torna legjobb kapusa is felfalusi j\u00e1t\u00e9kos lett.<\/p>\n\n\n\n<p><br>Hivatalosan 2016 szeptember\u00e9t\u0151l l\u00e9tezik a Felfalusi \u201eKegyelem\u201d Baptista Egyh\u00e1zk\u00f6zs\u00e9g. Egy \u00e9vvel k\u00e9s\u0151bb, 2017 szeptember\u00e9ben haszn\u00e1latba ker\u00fclt az els\u0151 imah\u00e1z, amelyet egy m\u0171helyb\u0151l alak\u00edtottak \u00e1t.<\/p>\n\n\n\n<blockquote class=\"wp-block-quote is-layout-flow wp-block-quote-is-layout-flow\">\n<p><br>Szabolcska Mih\u00e1ly, 1892 \u00e9s 1898 k\u00f6z\u00f6tt Felfaluban szolg\u00e1l\u00f3 papk\u00f6lt\u0151 a k\u00f6vetkez\u0151 szavakkal illette Felfalut: <em>\u201eEz a v\u00f6lgy volt a r\u00e9gi erd\u00e9lyi vajd\u00e1k, fejedelmek G\u00f6d\u00f6ll\u0151je. Persze, G\u00f6d\u00f6ll\u0151bb a mi \u00bburunk\u00ab G\u00f6d\u00f6ll\u00e9j\u00e9n\u00e9l. K\u00e9t s\u00f3sf\u00fcrd\u0151 a szomsz\u00e9dban. Az Istensz\u00e9ke f\u00f6l\u00f6tt\u00fcnk. A borsz\u00e9ki \u00fat a kapum el\u0151tt. A kertemet a Maros mossa. Itt m\u00e9g tiszta, mint a gy\u00f6ngy. Sz\u00f3val ezt a falut elborult csendj\u00e9vel a j\u00f3 Isten is nyaral\u00f3hely\u00fcl teremtette \u00edr\u00f3k \u00e9s po\u00e9t\u00e1k sz\u00e1m\u00e1ra!\u201d<\/em><\/p>\n<\/blockquote>\n","protected":false},"excerpt":{"rendered":"<p>Egy 1319. december 14-ei keltez\u00e9s\u0171 hagyat\u00e9klev\u00e9lben eml\u00edtik el\u0151sz\u00f6r Marosfelfalut. Marosfelfalu nev\u00e9t a fekv\u00e9s\u00e9b\u0151l kifoly\u00f3lag kapta. A falu nev\u00e9nek a foly\u00f3ra utal\u00f3 Maros- el\u0151tagj\u00e1t 1904-ben kapta hivatali uton. A Felfalu megnevez\u00e9s szorosan k\u00f6thet\u0151 a k\u00f6zeli v\u00e1roshoz, Sz\u00e1szr\u00e9genhez viszony\u00edtott f\u00f6ldrajzi fekv\u00e9s\u00e9hez, mivel a v\u00e1rost\u00f3l \u00e9szakra, fennebb, a hegyek fel\u00e9 fekszik. Az els\u0151 fennmaradt \u00edr\u00e1sos eml\u00edt\u00e9se 1319-ben Feelfolu [&hellip;]<\/p>\n","protected":false},"author":1,"featured_media":1615,"comment_status":"closed","ping_status":"open","sticky":false,"template":"","format":"standard","meta":{"footnotes":""},"categories":[1],"tags":[],"class_list":["post-1666","post","type-post","status-publish","format-standard","has-post-thumbnail","hentry","category-pro-feelfolu"],"_links":{"self":[{"href":"https:\/\/feelfolu.ro\/index.php\/wp-json\/wp\/v2\/posts\/1666","targetHints":{"allow":["GET"]}}],"collection":[{"href":"https:\/\/feelfolu.ro\/index.php\/wp-json\/wp\/v2\/posts"}],"about":[{"href":"https:\/\/feelfolu.ro\/index.php\/wp-json\/wp\/v2\/types\/post"}],"author":[{"embeddable":true,"href":"https:\/\/feelfolu.ro\/index.php\/wp-json\/wp\/v2\/users\/1"}],"replies":[{"embeddable":true,"href":"https:\/\/feelfolu.ro\/index.php\/wp-json\/wp\/v2\/comments?post=1666"}],"version-history":[{"count":2,"href":"https:\/\/feelfolu.ro\/index.php\/wp-json\/wp\/v2\/posts\/1666\/revisions"}],"predecessor-version":[{"id":1826,"href":"https:\/\/feelfolu.ro\/index.php\/wp-json\/wp\/v2\/posts\/1666\/revisions\/1826"}],"wp:featuredmedia":[{"embeddable":true,"href":"https:\/\/feelfolu.ro\/index.php\/wp-json\/wp\/v2\/media\/1615"}],"wp:attachment":[{"href":"https:\/\/feelfolu.ro\/index.php\/wp-json\/wp\/v2\/media?parent=1666"}],"wp:term":[{"taxonomy":"category","embeddable":true,"href":"https:\/\/feelfolu.ro\/index.php\/wp-json\/wp\/v2\/categories?post=1666"},{"taxonomy":"post_tag","embeddable":true,"href":"https:\/\/feelfolu.ro\/index.php\/wp-json\/wp\/v2\/tags?post=1666"}],"curies":[{"name":"wp","href":"https:\/\/api.w.org\/{rel}","templated":true}]}}