{"id":1649,"date":"2019-10-31T08:32:45","date_gmt":"2019-10-31T08:32:45","guid":{"rendered":"https:\/\/feelfolu.ro\/?p=1649"},"modified":"2022-10-31T08:36:58","modified_gmt":"2022-10-31T08:36:58","slug":"teszunk-a-kozossegert","status":"publish","type":"post","link":"https:\/\/feelfolu.ro\/index.php\/2019\/10\/31\/teszunk-a-kozossegert\/","title":{"rendered":"Tesz\u00fcnk a k\u00f6z\u00f6ss\u00e9g\u00e9rt"},"content":{"rendered":"\n<p>Eml\u00e9ksz\u00fcnk m\u00e9g a m\u00falt \u00e9vsz\u00e1zadi Marosfelfalu k\u00f6z\u00f6ss\u00e9gi \u00e9let\u00e9re? Eml\u00e9ksz\u00fcnk az \u00e9jszak\u00e1ba ny\u00fal\u00f3 n\u00f3t\u00e1z\u00e1sokra, az erd\u0151sz\u00e9li maj\u00e1lisokra, a h\u00e9tv\u00e9gi meccseken \u00f6sszegy\u0171lt n\u00e9z\u0151seregre, a hossz\u00fa k\u00e1rtyapartikra, a filmvet\u00edt\u00e9sekre a kult\u00farotthonban, a t\u00f6bb csal\u00e1dos sz\u0151nyegmos\u00e1sokra a Maroson?<\/p>\n\n\n\n<p><br>A technol\u00f3gia nagyon h\u00e1tt\u00e9rbe szor\u00edtotta az ehhez hasonl\u00f3 tev\u00e9kenys\u00e9geket \u00e9s azokkal egy\u00fctt a k\u00f6z\u00f6ss\u00e9gi \u00e9letet. Ezen elm\u00e9lkedve a marosfelfalusi RMDSZ v\u00e1lasztm\u00e1nya eld\u00f6nt\u00f6tte a ny\u00e1r elej\u00e9n, hogy tesz a k\u00f6z\u00f6ss\u00e9g\u00e9rt a jelen eszk\u00f6zeivel. Ezt egy egyes\u00fcleten kereszt\u00fcl szeretn\u00e9k v\u00e9ghezvinni.<\/p>\n\n\n\n<p><br>Az egyes\u00fclet a \u201ePro Feelfolu\u201d nevet kapta, Marosfelfalu els\u0151 \u00edr\u00e1sos eml\u00edt\u00e9s\u00e9re hivatkozva. A \u201eFeelfolu\u201d megnevez\u00e9s el\u00e9 a latin \u201epro\u201d (mellett) ker\u00fclt, \u00edgy a nemzetk\u00f6zileg is \u00e9rthet\u0151 \u201eMarosfelfalu\u00e9rt\u201d lett a neve.<\/p>\n\n\n\n<h2 class=\"wp-block-heading\"><br>Az egyes\u00fclet c\u00e9lja<\/h2>\n\n\n\n<p><br>A m\u0171k\u00f6d\u00e9si ter\u00fclet\u00e9n \u00f6sszefogja, szervezze a lakoss\u00e1g kult\u00far\u00e1lis tev\u00e9kenys\u00e9g\u00e9t, mozg\u00f3s\u00edtson a k\u00f6z\u00f6ss\u00e9gi c\u00e9lok megval\u00f3s\u00edt\u00e1s\u00e1ra, k\u00f6zrem\u0171k\u00f6dj\u00f6n a falu fejleszt\u00e9si feladatainak a megold\u00e1s\u00e1ban, v\u00e9lem\u00e9nyt form\u00e1ljon minden, a falu fejleszt\u00e9s\u00e9t \u00e9rint\u0151 k\u00e9rd\u00e9sben. \u00c1polja a falu hagyom\u00e1nyait, er\u0151s\u00edtse az itt \u00e9l\u0151 emberek k\u00f6z\u00f6tti kapcsolatokat, seg\u00edtse azok kialak\u00edt\u00e1s\u00e1t. E c\u00e9lok el\u00e9r\u00e9se \u00e9rdek\u00e9ben felv\u00e1llalja, hogy el\u0151ad\u00e1sokat, k\u00e9pz\u00e9seket \u00e9s tov\u00e1bbk\u00e9pz\u00e9seket, valamint vitaf\u00f3rumokat \u00e9s egy\u00e9b rendezv\u00e9nyeket szervez, gy\u0171jti a telep\u00fcl\u00e9s t\u00f6rt\u00e9net\u00e9re, n\u00e9prajz\u00e1ra vonatkoz\u00f3 adatokat, inform\u00e1ci\u00f3kat, kiadv\u00e1nyokat. Kapcsolatokat \u00e9p\u00edt ki \u00e9s tart fenn m\u00e1s civil szervezetekkel, gazd\u00e1lkod\u00f3 szervezetekkel, valamint egy\u00fcttm\u0171k\u00f6d\u00e9st alak\u00edt ki m\u00e1s m\u0171vel\u0151d\u00e9si int\u00e9zm\u00e9nyekkel.<\/p>\n\n\n\n<p><br>E c\u00e9lok el\u00e9r\u00e9s\u00e9t szolg\u00e1l\u00f3 tev\u00e9kenys\u00e9g\u00e9t nyeres\u00e9g- \u00e9s vagyonszerz\u00e9si c\u00e9lkit\u0171z\u00e9s n\u00e9lk\u00fcl egyes\u00fclet form\u00e1j\u00e1ban v\u00e9gzi.<\/p>\n\n\n\n<h2 class=\"wp-block-heading\"><br>Az egyes\u00fclet feladatai<\/h2>\n\n\n\n<ul class=\"wp-block-list\"><li>a lakoss\u00e1got mindennapi, k\u00f6zhaszn\u00fa inform\u00e1ci\u00f3kkal ell\u00e1tni;<\/li><li>lehet\u0151s\u00e9geihez k\u00e9pest anyagi \u00e9s erk\u00f6lcsi eszk\u00f6z\u00f6kkel t\u00e1mogatni k\u00f6zhaszn\u00fa rendezv\u00e9nyeket, valamint programokat;<\/li><li>c\u00e9ljainak megfelel\u0151, f\u0151k\u00e9nt nonprofit szolg\u00e1ltat\u00e1sokat kialak\u00edtani;<\/li><li>ig\u00e9ny szerint integr\u00e1lni a helyi \u00f6nk\u00e9ntes szervez\u0151d\u00e9seket;<\/li><li>a c\u00e9lok megval\u00f3s\u00edt\u00e1sa \u00e9rdek\u00e9ben p\u00e1ly\u00e1zatokat beny\u00fajtani az azokat ki\u00edr\u00f3 szervezetekhez;<\/li><li>v\u00e1llalkoz\u00e1si tev\u00e9kenys\u00e9get folytatni vagy v\u00e1llalkoz\u00e1sban r\u00e9szt venni alapvet\u0151 c\u00e9ljai megval\u00f3s\u00edt\u00e1sa \u00e9rdek\u00e9ben, valamint a v\u00e1llalkoz\u00e1si tev\u00e9kenys\u00e9g eredm\u00e9ny\u00e9t alapc\u00e9ljaira felhaszn\u00e1lni;<\/li><li>kapcsolatot ki\u00e9p\u00edteni, illetve egy\u00fcttm\u0171k\u00f6dni m\u00e1s civil, \u00f6nkorm\u00e1nyzati \u00e9s gazd\u00e1lkod\u00f3 szervezetekkel helyi, orsz\u00e1gos \u00e9s nemzetk\u00f6zi szinten.<\/li><\/ul>\n\n\n\n<p><br>Az egyes\u00fclet c\u00e9ljai megval\u00f3s\u00edt\u00e1sa \u00e9rdek\u00e9ben k\u00f6zhaszn\u00fa szolg\u00e1ltat\u00e1sait nem csup\u00e1n tagjai, hanem valamennyi term\u00e9szetes \u00e9s jogi szem\u00e9ly, tov\u00e1bb\u00e1 m\u00e1s gazd\u00e1lkod\u00f3 egys\u00e9g r\u00e9sz\u00e9re is ny\u00fajtja.<\/p>\n\n\n\n<p><br>Az egyes\u00fclet m\u0171k\u00f6d\u00e9s\u00e9nek, szolg\u00e1ltat\u00e1sainak \u00e9s besz\u00e1mol\u00f3inak nyilv\u00e1noss\u00e1g\u00e1t internetes honlapon biztos\u00edtja.<\/p>\n\n\n\n<p><br>Az egyes\u00fclet, mint k\u00f6zhaszn\u00fa szervezet gazdas\u00e1gi-v\u00e1llalkoz\u00e1si tev\u00e9kenys\u00e9get csak k\u00f6zhaszn\u00fa vagy az alapszab\u00e1lyban meghat\u00e1rozott alapc\u00e9l szerinti tev\u00e9kenys\u00e9g megval\u00f3s\u00edt\u00e1s\u00e1t nem vesz\u00e9lyeztetve v\u00e9gezhet.<\/p>\n\n\n\n<p><br>Az egyes\u00fclet k\u00f6zvetlen politikai tev\u00e9kenys\u00e9get nem folytathat, szervezete p\u00e1rtokt\u00f3l f\u00fcggetlen \u00e9s azoknak anyagi t\u00e1mogat\u00e1st nem ny\u00fajthat. Orsz\u00e1ggy\u0171l\u00e9si \u00e9s \u00f6nkorm\u00e1nyzati k\u00e9pvisel\u0151jel\u00f6ltet nem \u00e1ll\u00edthat \u00e9s nem t\u00e1mogathat.<\/p>\n\n\n\n<p><br>Az egyes\u00fclet, mint k\u00f6zhaszn\u00fa szervezet m\u0171k\u00f6d\u00e9se nyilv\u00e1nos, szolg\u00e1ltat\u00e1sait b\u00e1rki megk\u00f6t\u00e9s n\u00e9lk\u00fcl ig\u00e9nybe veheti.<\/p>\n\n\n\n<h2 class=\"wp-block-heading\"><br>Az egyes\u00fclet tev\u00e9kenys\u00e9ge<\/h2>\n\n\n\n<p><br>A Pro Feelfolu egyes\u00fclet els\u0151 k\u00f6z\u00f6ss\u00e9gi tev\u00e9kenys\u00e9ge az idei marosfelfalusi Hagymafesztiv\u00e1lon val\u00f3 r\u00e9szv\u00e9tel volt. K\u00e9t \u00e9jszak\u00e1ba ny\u00fal\u00f3 n\u00f3t\u00e1z\u00e1s mellett az egyes\u00fclet standj\u00e1hoz l\u00e1togat\u00f3knak egy t\u00e1ny\u00e9r finom mangalica h\u00fasb\u00f3l k\u00e9sz\u00fclt guly\u00e1shoz is szerencs\u00e9j\u00fck volt. Erre az esem\u00e9nyre egy 4 m\u00e9teres bannert k\u00e9sz\u00edtett az egyes\u00fclet, amely Marosfelfalu t\u00f6rt\u00e9nelm\u00e9nek n\u00e9h\u00e1ny fontosabb mozzanat\u00e1t mutatja be n\u00e9gy nyelven: rom\u00e1nul, magyarul, cig\u00e1nyul \u00e9s angolul.<\/p>\n\n\n\n<p><br>A Sz\u00e1szr\u00e9geni Magyar Napokon is r\u00e9szt vett a Pro Feelfolu egyes\u00fclet, ahol a guly\u00e1sf\u0151z\u0151 versenyen a tucatnyi csapat k\u00f6z\u00fcl harmadik helyez\u00e9st \u00e9rt el. Ez\u00fattal borj\u00fa h\u00fasb\u00f3l k\u00e9sz\u00fclt a dobog\u00f3s \u00e9rt\u00e9kel\u00e9st el\u00e9r\u0151 guly\u00e1s, amelyet a stand l\u00e1t\u00f3gat\u00f3i \u00e9s a felfalusi fiatalokb\u00f3l \u00e1ll\u00f3 Hobby labdar\u00fag\u00f3 csapat is megk\u00f3st\u00f3lhatott a kisp\u00e1ly\u00e1s labdar\u00fag\u00f3 torna m\u00e1sodik helyez\u00e9s\u00e9nek megszerz\u00e9se ut\u00e1n.<\/p>\n\n\n\n<p><br>A j\u00f6v\u0151re n\u00e9zve k\u00e9sz\u00fcl az idei \u00e9vv\u00e9gi- \u00e9s a 2020-as \u00e9vi tev\u00e9kenys\u00e9gek terve.<\/p>\n","protected":false},"excerpt":{"rendered":"<p>Eml\u00e9ksz\u00fcnk m\u00e9g a m\u00falt \u00e9vsz\u00e1zadi Marosfelfalu k\u00f6z\u00f6ss\u00e9gi \u00e9let\u00e9re? Eml\u00e9ksz\u00fcnk az \u00e9jszak\u00e1ba ny\u00fal\u00f3 n\u00f3t\u00e1z\u00e1sokra, az erd\u0151sz\u00e9li maj\u00e1lisokra, a h\u00e9tv\u00e9gi meccseken \u00f6sszegy\u0171lt n\u00e9z\u0151seregre, a hossz\u00fa k\u00e1rtyapartikra, a filmvet\u00edt\u00e9sekre a kult\u00farotthonban, a t\u00f6bb csal\u00e1dos sz\u0151nyegmos\u00e1sokra a Maroson? A technol\u00f3gia nagyon h\u00e1tt\u00e9rbe szor\u00edtotta az ehhez hasonl\u00f3 tev\u00e9kenys\u00e9geket \u00e9s azokkal egy\u00fctt a k\u00f6z\u00f6ss\u00e9gi \u00e9letet. Ezen elm\u00e9lkedve a marosfelfalusi RMDSZ v\u00e1lasztm\u00e1nya [&hellip;]<\/p>\n","protected":false},"author":1,"featured_media":1489,"comment_status":"open","ping_status":"open","sticky":false,"template":"","format":"standard","meta":{"footnotes":""},"categories":[1],"tags":[],"class_list":["post-1649","post","type-post","status-publish","format-standard","has-post-thumbnail","hentry","category-pro-feelfolu"],"_links":{"self":[{"href":"https:\/\/feelfolu.ro\/index.php\/wp-json\/wp\/v2\/posts\/1649","targetHints":{"allow":["GET"]}}],"collection":[{"href":"https:\/\/feelfolu.ro\/index.php\/wp-json\/wp\/v2\/posts"}],"about":[{"href":"https:\/\/feelfolu.ro\/index.php\/wp-json\/wp\/v2\/types\/post"}],"author":[{"embeddable":true,"href":"https:\/\/feelfolu.ro\/index.php\/wp-json\/wp\/v2\/users\/1"}],"replies":[{"embeddable":true,"href":"https:\/\/feelfolu.ro\/index.php\/wp-json\/wp\/v2\/comments?post=1649"}],"version-history":[{"count":1,"href":"https:\/\/feelfolu.ro\/index.php\/wp-json\/wp\/v2\/posts\/1649\/revisions"}],"predecessor-version":[{"id":1650,"href":"https:\/\/feelfolu.ro\/index.php\/wp-json\/wp\/v2\/posts\/1649\/revisions\/1650"}],"wp:featuredmedia":[{"embeddable":true,"href":"https:\/\/feelfolu.ro\/index.php\/wp-json\/wp\/v2\/media\/1489"}],"wp:attachment":[{"href":"https:\/\/feelfolu.ro\/index.php\/wp-json\/wp\/v2\/media?parent=1649"}],"wp:term":[{"taxonomy":"category","embeddable":true,"href":"https:\/\/feelfolu.ro\/index.php\/wp-json\/wp\/v2\/categories?post=1649"},{"taxonomy":"post_tag","embeddable":true,"href":"https:\/\/feelfolu.ro\/index.php\/wp-json\/wp\/v2\/tags?post=1649"}],"curies":[{"name":"wp","href":"https:\/\/api.w.org\/{rel}","templated":true}]}}